{"id":24666,"date":"2020-01-08T05:06:00","date_gmt":"2020-01-08T08:06:00","guid":{"rendered":"http:\/\/progepe.ufpr.br\/portal\/?post_type=portarias&#038;p=24666"},"modified":"2024-01-17T13:23:31","modified_gmt":"2024-01-17T16:23:31","slug":"rt-2020-00064","status":"publish","type":"post","link":"https:\/\/progepe.ufpr.br\/portarias\/rt-2020-00064\/","title":{"rendered":"PORTARIA N\u00ba 00064\/REITORIA, DE 08 DE JANEIRO DE 2020"},"content":{"rendered":"\n<p><strong>A Vice-Reitora da Universidade Federal do Paran\u00e1, no exerc\u00edcio do cargo de Reitora, <\/strong>no uso de suas atribui\u00e7\u00f5es e tendo em vista o que consta no processo n\u00ba 23075.074241\/2018-54, <\/p>\n\n\n\n<p>I. Revogar a Portaria n\u00ba 155\/REITORIA, de 26 de fevereiro de 2019.<\/p>\n\n\n\n<p>II. Conceder jornada flexibilizada, tendo  em vista o que consta na Portaria n\u00ba 643\/REITORIA, de 26 de novembro de  2018, retificada pela Portaria n\u00ba 692\/REITORIA, de 17 de dezembro de  2018, no per\u00edodo de 01 de janeiro de 2020 a 31 de dezembro de 2020, \u00e0  servidora APARECIDA NOELI FURQUIM GEFFER &#8211; 1752304, ocupante do cargo de  Bibliotec\u00e1ria Documentalista, enquanto estiver lotada na Biblioteca de  Ci\u00eancias Humanas e Educa\u00e7\u00e3o do Sistema de Bibliotecas.<\/p>\n","protected":false},"excerpt":{"rendered":"<p>A Vice-Reitora da Universidade Federal do Paran\u00e1, no exerc\u00edcio do cargo de Reitora, no uso de suas atribui\u00e7\u00f5es e tendo em vista o que consta no processo n\u00ba 23075.074241\/2018-54, I. Revogar a Portaria n\u00ba 155\/REITORIA, de 26 de fevereiro de 2019. II. Conceder jornada flexibilizada, tendo em vista o que consta na Portaria n\u00ba 643\/REITORIA, [&hellip;]<\/p>\n","protected":false},"author":48,"featured_media":0,"comment_status":"closed","ping_status":"closed","sticky":false,"template":"","format":"standard","meta":{"_acf_changed":false,"iawp_total_views":1,"footnotes":""},"categories":[117],"tags":[133],"class_list":["post-24666","post","type-post","status-publish","format-standard","hentry","category-rt","tag-jornada-flexibilizada"],"acf":[],"_links":{"self":[{"href":"https:\/\/progepe.ufpr.br\/portarias\/wp-json\/wp\/v2\/posts\/24666","targetHints":{"allow":["GET"]}}],"collection":[{"href":"https:\/\/progepe.ufpr.br\/portarias\/wp-json\/wp\/v2\/posts"}],"about":[{"href":"https:\/\/progepe.ufpr.br\/portarias\/wp-json\/wp\/v2\/types\/post"}],"author":[{"embeddable":true,"href":"https:\/\/progepe.ufpr.br\/portarias\/wp-json\/wp\/v2\/users\/48"}],"replies":[{"embeddable":true,"href":"https:\/\/progepe.ufpr.br\/portarias\/wp-json\/wp\/v2\/comments?post=24666"}],"version-history":[{"count":2,"href":"https:\/\/progepe.ufpr.br\/portarias\/wp-json\/wp\/v2\/posts\/24666\/revisions"}],"predecessor-version":[{"id":253825,"href":"https:\/\/progepe.ufpr.br\/portarias\/wp-json\/wp\/v2\/posts\/24666\/revisions\/253825"}],"wp:attachment":[{"href":"https:\/\/progepe.ufpr.br\/portarias\/wp-json\/wp\/v2\/media?parent=24666"}],"wp:term":[{"taxonomy":"category","embeddable":true,"href":"https:\/\/progepe.ufpr.br\/portarias\/wp-json\/wp\/v2\/categories?post=24666"},{"taxonomy":"post_tag","embeddable":true,"href":"https:\/\/progepe.ufpr.br\/portarias\/wp-json\/wp\/v2\/tags?post=24666"}],"curies":[{"name":"wp","href":"https:\/\/api.w.org\/{rel}","templated":true}]}}