{"id":25308,"date":"2020-01-10T05:13:00","date_gmt":"2020-01-10T08:13:00","guid":{"rendered":"http:\/\/progepe.ufpr.br\/portal\/?post_type=portarias&#038;p=25308"},"modified":"2024-01-29T16:19:41","modified_gmt":"2024-01-29T19:19:41","slug":"rt-2020-00138","status":"publish","type":"post","link":"https:\/\/progepe.ufpr.br\/portarias\/rt-2020-00138\/","title":{"rendered":"PORTARIA N\u00ba 00138\/REITORIA, DE 10 DE JANEIRO DE 2020"},"content":{"rendered":"\n<p><strong>A\nVice-Reitora da Universidade Federal do Paran\u00e1, no exerc\u00edcio do cargo de\nReitora, <\/strong>no uso de suas atribui\u00e7\u00f5es e tendo em vista o que consta no processo n\u00ba\n23075.089071\/2019-93,<\/p>\n\n\n\n<p>RESOLVE:<\/p>\n\n\n\n<p>Conceder, considerando o disposto no Art. 91 da Lei n\u00ba 8.112\/90, licen\u00e7a\npara tratar de interesses particulares, sem remunera\u00e7\u00e3o, no per\u00edodo de 01 de\nfevereiro de 2020 a 31\/07\/2020, ao servidor LISANDRO LIMA RIBEIRO &#8211; 3328149, ocupante do cargo de M\u00e9dico &#8211; \u00c1rea, lotado no\nServi\u00e7o de Transplante de Medula \u00d3ssea do Hospital de Cl\u00ednicas.<\/p>\n","protected":false},"excerpt":{"rendered":"<p>Conceder, considerando o disposto no Art. 91 da Lei n\u00ba 8.112\/90, licen\u00e7a para tratar de interesses particulares, sem remunera\u00e7\u00e3o, no per\u00edodo de 01 de fevereiro de 2020 a 31\/07\/2020, ao servidor LISANDRO LIMA RIBEIRO &#8211; 3328149, ocupante do cargo de M\u00e9dico &#8211; \u00c1rea, lotado no Servi\u00e7o de Transplante de Medula \u00d3ssea do Hospital de Cl\u00ednicas.<\/p>\n","protected":false},"author":49,"featured_media":0,"comment_status":"closed","ping_status":"closed","sticky":false,"template":"","format":"standard","meta":{"_acf_changed":false,"iawp_total_views":0,"footnotes":""},"categories":[117],"tags":[123],"class_list":["post-25308","post","type-post","status-publish","format-standard","hentry","category-rt","tag-afastamento-licenca"],"acf":[],"_links":{"self":[{"href":"https:\/\/progepe.ufpr.br\/portarias\/wp-json\/wp\/v2\/posts\/25308","targetHints":{"allow":["GET"]}}],"collection":[{"href":"https:\/\/progepe.ufpr.br\/portarias\/wp-json\/wp\/v2\/posts"}],"about":[{"href":"https:\/\/progepe.ufpr.br\/portarias\/wp-json\/wp\/v2\/types\/post"}],"author":[{"embeddable":true,"href":"https:\/\/progepe.ufpr.br\/portarias\/wp-json\/wp\/v2\/users\/49"}],"replies":[{"embeddable":true,"href":"https:\/\/progepe.ufpr.br\/portarias\/wp-json\/wp\/v2\/comments?post=25308"}],"version-history":[{"count":3,"href":"https:\/\/progepe.ufpr.br\/portarias\/wp-json\/wp\/v2\/posts\/25308\/revisions"}],"predecessor-version":[{"id":254149,"href":"https:\/\/progepe.ufpr.br\/portarias\/wp-json\/wp\/v2\/posts\/25308\/revisions\/254149"}],"wp:attachment":[{"href":"https:\/\/progepe.ufpr.br\/portarias\/wp-json\/wp\/v2\/media?parent=25308"}],"wp:term":[{"taxonomy":"category","embeddable":true,"href":"https:\/\/progepe.ufpr.br\/portarias\/wp-json\/wp\/v2\/categories?post=25308"},{"taxonomy":"post_tag","embeddable":true,"href":"https:\/\/progepe.ufpr.br\/portarias\/wp-json\/wp\/v2\/tags?post=25308"}],"curies":[{"name":"wp","href":"https:\/\/api.w.org\/{rel}","templated":true}]}}