{"id":25320,"date":"2020-01-10T05:14:00","date_gmt":"2020-01-10T08:14:00","guid":{"rendered":"http:\/\/progepe.ufpr.br\/portal\/?post_type=portarias&#038;p=25320"},"modified":"2024-01-29T16:22:19","modified_gmt":"2024-01-29T19:22:19","slug":"rt-2020-00139","status":"publish","type":"post","link":"https:\/\/progepe.ufpr.br\/portarias\/rt-2020-00139\/","title":{"rendered":"PORTARIA N\u00ba 00139\/REITORIA, DE 10 DE JANEIRO DE 2020"},"content":{"rendered":"\n<p><strong>A\nVice-Reitora da Universidade Federal do Paran\u00e1, no exerc\u00edcio do cargo de\nReitora, <\/strong>no uso de suas atribui\u00e7\u00f5es e tendo em vista o que consta no processo n\u00ba\n23075.079513\/2019-93,<\/p>\n\n\n\n<p>RESOLVE:<\/p>\n\n\n\n<p>I.\nConceder, considerando o disposto no Art. 91 da Lei n\u00ba 8.112\/90, licen\u00e7a para\ntratar de interesses particulares, sem remunera\u00e7\u00e3o, no per\u00edodo de 10 de\nfevereiro de 2020 a 10 de fevereiro de 2023, \u00e0 servidora CELESTE FERNANDEZ &#8211; 1912000, ocupante do cargo de Professora do Magist\u00e9rio Superior, lotada no\nSetor de Educa\u00e7\u00e3o Profissional e Tecnol\u00f3gica.<\/p>\n\n\n\n<p>II. Alterar, pelo mesmo per\u00edodo da licen\u00e7a, o regime de trabalho da\ncitada servidora, de 40 (quarenta) horas semanais com dedica\u00e7\u00e3o exclusiva, para\n40 (quarenta) horas semanais.<\/p>\n","protected":false},"excerpt":{"rendered":"<p>I. Conceder, considerando o disposto no Art. 91 da Lei n\u00ba 8.112\/90, licen\u00e7a para tratar de interesses particulares, sem remunera\u00e7\u00e3o, no per\u00edodo de 10 de fevereiro de 2020 a 10 de fevereiro de 2023, \u00e0 servidora CELESTE FERNANDEZ &#8211; 1912000, ocupante do cargo de Professora do Magist\u00e9rio Superior, lotada no Setor de Educa\u00e7\u00e3o Profissional e Tecnol\u00f3gica.  II. Alterar, pelo mesmo per\u00edodo da licen\u00e7a, o regime de trabalho da citada servidora, de 40 (quarenta) horas semanais com dedica\u00e7\u00e3o exclusiva, para 40 (quarenta) horas semanais.<\/p>\n","protected":false},"author":49,"featured_media":0,"comment_status":"closed","ping_status":"closed","sticky":false,"template":"","format":"standard","meta":{"_acf_changed":false,"iawp_total_views":0,"footnotes":""},"categories":[117],"tags":[123,130],"class_list":["post-25320","post","type-post","status-publish","format-standard","hentry","category-rt","tag-afastamento-licenca","tag-regime-trabalho"],"acf":[],"_links":{"self":[{"href":"https:\/\/progepe.ufpr.br\/portarias\/wp-json\/wp\/v2\/posts\/25320","targetHints":{"allow":["GET"]}}],"collection":[{"href":"https:\/\/progepe.ufpr.br\/portarias\/wp-json\/wp\/v2\/posts"}],"about":[{"href":"https:\/\/progepe.ufpr.br\/portarias\/wp-json\/wp\/v2\/types\/post"}],"author":[{"embeddable":true,"href":"https:\/\/progepe.ufpr.br\/portarias\/wp-json\/wp\/v2\/users\/49"}],"replies":[{"embeddable":true,"href":"https:\/\/progepe.ufpr.br\/portarias\/wp-json\/wp\/v2\/comments?post=25320"}],"version-history":[{"count":2,"href":"https:\/\/progepe.ufpr.br\/portarias\/wp-json\/wp\/v2\/posts\/25320\/revisions"}],"predecessor-version":[{"id":254150,"href":"https:\/\/progepe.ufpr.br\/portarias\/wp-json\/wp\/v2\/posts\/25320\/revisions\/254150"}],"wp:attachment":[{"href":"https:\/\/progepe.ufpr.br\/portarias\/wp-json\/wp\/v2\/media?parent=25320"}],"wp:term":[{"taxonomy":"category","embeddable":true,"href":"https:\/\/progepe.ufpr.br\/portarias\/wp-json\/wp\/v2\/categories?post=25320"},{"taxonomy":"post_tag","embeddable":true,"href":"https:\/\/progepe.ufpr.br\/portarias\/wp-json\/wp\/v2\/tags?post=25320"}],"curies":[{"name":"wp","href":"https:\/\/api.w.org\/{rel}","templated":true}]}}