{"id":25971,"date":"2020-01-10T05:12:00","date_gmt":"2020-01-10T08:12:00","guid":{"rendered":"http:\/\/progepe.ufpr.br\/portal\/?post_type=portarias&#038;p=25971"},"modified":"2024-01-29T16:16:02","modified_gmt":"2024-01-29T19:16:02","slug":"rt-2020-00137","status":"publish","type":"post","link":"https:\/\/progepe.ufpr.br\/portarias\/rt-2020-00137\/","title":{"rendered":"PORTARIA N\u00ba 00137\/REITORIA, DE 10 DE JANEIRO DE 2020"},"content":{"rendered":"\n<p><strong>A&nbsp;Vice-Reitora da Universidade Federal do Paran\u00e1, no exerc\u00edcio do cargo de Reitora,&nbsp;<\/strong>no uso de suas atribui\u00e7\u00f5es e tendo em vista o que consta no processo n\u00ba 23075.001218\/2020-65, <\/p>\n\n\n\n<p>RESOLVE: <\/p>\n\n\n\n<p>Convalidar a Portaria n\u00ba 1204\/REITORIA, de 06 de dezembro de 2019, referente \u00e0 nomea\u00e7\u00e3o do servidor ANTONIO WALDIR CUNHA DA SILVA\u00a0\u00a0&#8211; 388512, no cargo de Vice-Diretor do Hospital Veterin\u00e1rio do Setor\u00a0de Ci\u00eancias Agr\u00e1rias\u00a0no per\u00edodo de 23 de dezembro de 2019 a 22 de dezembro de 2021.<\/p>\n","protected":false},"excerpt":{"rendered":"<p>A&nbsp;Vice-Reitora da Universidade Federal do Paran\u00e1, no exerc\u00edcio do cargo de Reitora,&nbsp;no uso de suas atribui\u00e7\u00f5es e tendo em vista o que consta no processo n\u00ba 23075.001218\/2020-65, RESOLVE: Convalidar a Portaria n\u00ba 1204\/REITORIA, de 06 de dezembro de 2019, referente \u00e0 nomea\u00e7\u00e3o do servidor ANTONIO WALDIR CUNHA DA SILVA\u00a0\u00a0&#8211; 388512, no cargo de Vice-Diretor do [&hellip;]<\/p>\n","protected":false},"author":50,"featured_media":0,"comment_status":"closed","ping_status":"closed","sticky":false,"template":"","format":"standard","meta":{"_acf_changed":false,"iawp_total_views":0,"footnotes":""},"categories":[117],"tags":[120],"class_list":["post-25971","post","type-post","status-publish","format-standard","hentry","category-rt","tag-funcao"],"acf":[],"_links":{"self":[{"href":"https:\/\/progepe.ufpr.br\/portarias\/wp-json\/wp\/v2\/posts\/25971","targetHints":{"allow":["GET"]}}],"collection":[{"href":"https:\/\/progepe.ufpr.br\/portarias\/wp-json\/wp\/v2\/posts"}],"about":[{"href":"https:\/\/progepe.ufpr.br\/portarias\/wp-json\/wp\/v2\/types\/post"}],"author":[{"embeddable":true,"href":"https:\/\/progepe.ufpr.br\/portarias\/wp-json\/wp\/v2\/users\/50"}],"replies":[{"embeddable":true,"href":"https:\/\/progepe.ufpr.br\/portarias\/wp-json\/wp\/v2\/comments?post=25971"}],"version-history":[{"count":3,"href":"https:\/\/progepe.ufpr.br\/portarias\/wp-json\/wp\/v2\/posts\/25971\/revisions"}],"predecessor-version":[{"id":254146,"href":"https:\/\/progepe.ufpr.br\/portarias\/wp-json\/wp\/v2\/posts\/25971\/revisions\/254146"}],"wp:attachment":[{"href":"https:\/\/progepe.ufpr.br\/portarias\/wp-json\/wp\/v2\/media?parent=25971"}],"wp:term":[{"taxonomy":"category","embeddable":true,"href":"https:\/\/progepe.ufpr.br\/portarias\/wp-json\/wp\/v2\/categories?post=25971"},{"taxonomy":"post_tag","embeddable":true,"href":"https:\/\/progepe.ufpr.br\/portarias\/wp-json\/wp\/v2\/tags?post=25971"}],"curies":[{"name":"wp","href":"https:\/\/api.w.org\/{rel}","templated":true}]}}