{"id":26067,"date":"2020-01-10T05:17:00","date_gmt":"2020-01-10T08:17:00","guid":{"rendered":"http:\/\/progepe.ufpr.br\/portal\/?post_type=portarias&#038;p=26067"},"modified":"2024-01-30T10:32:46","modified_gmt":"2024-01-30T13:32:46","slug":"rt-2020-00142","status":"publish","type":"post","link":"https:\/\/progepe.ufpr.br\/portarias\/rt-2020-00142\/","title":{"rendered":"PORTARIA N\u00ba 00142\/REITORIA, DE 10 DE JANEIRO DE 2020"},"content":{"rendered":"\n<p><strong>A Vice-Reitora da Universidade Federal do Paran\u00e1, no exerc\u00edcio do cargo de Reitora,&nbsp;<\/strong>no uso de suas atribui\u00e7\u00f5es e tendo em vista o que consta no processo n\u00ba 23075.090498\/2019-34,<\/p>\n\n\n\n<p>RESOLVE: <\/p>\n\n\n\n<p>Designar, no per\u00edodo de 02 de janeiro de 2020 a 24 de janeiro de 2020, a\nservidora&nbsp;CINIRA SILVA GOMES&nbsp;&#8211; 2408930, como substituta do servidor\nCHRISTIAN MENDEZ ALCANTARA &#8211; 1046697, no cargo de Secret\u00e1rio dos \u00d3rg\u00e3os\nColegiados, CD-04, desta Universidade.<\/p>\n","protected":false},"excerpt":{"rendered":"<p>A Vice-Reitora da Universidade Federal do Paran\u00e1, no exerc\u00edcio do cargo de Reitora,&nbsp;no uso de suas atribui\u00e7\u00f5es e tendo em vista o que consta no processo n\u00ba 23075.090498\/2019-34, RESOLVE: Designar, no per\u00edodo de 02 de janeiro de 2020 a 24 de janeiro de 2020, a servidora&nbsp;CINIRA SILVA GOMES&nbsp;&#8211; 2408930, como substituta do servidor CHRISTIAN MENDEZ [&hellip;]<\/p>\n","protected":false},"author":50,"featured_media":0,"comment_status":"closed","ping_status":"closed","sticky":false,"template":"","format":"standard","meta":{"_acf_changed":false,"iawp_total_views":1,"footnotes":""},"categories":[117],"tags":[120],"class_list":["post-26067","post","type-post","status-publish","format-standard","hentry","category-rt","tag-funcao"],"acf":[],"_links":{"self":[{"href":"https:\/\/progepe.ufpr.br\/portarias\/wp-json\/wp\/v2\/posts\/26067","targetHints":{"allow":["GET"]}}],"collection":[{"href":"https:\/\/progepe.ufpr.br\/portarias\/wp-json\/wp\/v2\/posts"}],"about":[{"href":"https:\/\/progepe.ufpr.br\/portarias\/wp-json\/wp\/v2\/types\/post"}],"author":[{"embeddable":true,"href":"https:\/\/progepe.ufpr.br\/portarias\/wp-json\/wp\/v2\/users\/50"}],"replies":[{"embeddable":true,"href":"https:\/\/progepe.ufpr.br\/portarias\/wp-json\/wp\/v2\/comments?post=26067"}],"version-history":[{"count":3,"href":"https:\/\/progepe.ufpr.br\/portarias\/wp-json\/wp\/v2\/posts\/26067\/revisions"}],"predecessor-version":[{"id":254155,"href":"https:\/\/progepe.ufpr.br\/portarias\/wp-json\/wp\/v2\/posts\/26067\/revisions\/254155"}],"wp:attachment":[{"href":"https:\/\/progepe.ufpr.br\/portarias\/wp-json\/wp\/v2\/media?parent=26067"}],"wp:term":[{"taxonomy":"category","embeddable":true,"href":"https:\/\/progepe.ufpr.br\/portarias\/wp-json\/wp\/v2\/categories?post=26067"},{"taxonomy":"post_tag","embeddable":true,"href":"https:\/\/progepe.ufpr.br\/portarias\/wp-json\/wp\/v2\/tags?post=26067"}],"curies":[{"name":"wp","href":"https:\/\/api.w.org\/{rel}","templated":true}]}}