{"id":27144,"date":"2020-01-15T05:15:00","date_gmt":"2020-01-15T08:15:00","guid":{"rendered":"http:\/\/progepe.ufpr.br\/portal\/?post_type=portarias&#038;p=27144"},"modified":"2024-08-06T15:06:23","modified_gmt":"2024-08-06T18:06:23","slug":"rt-2020-00191","status":"publish","type":"post","link":"https:\/\/progepe.ufpr.br\/portarias\/rt-2020-00191\/","title":{"rendered":"PORTARIA N\u00ba 00191\/REITORIA, DE 15 DE JANEIRO DE 2020"},"content":{"rendered":"\n<p style=\"padding-left:43%\">O Reitor da Universidade Federal do Paran\u00e1, no uso de suas atribui\u00e7\u00f5es e tendo em vista o que consta no processo n\u00ba 23075.074432\/2018-16,<\/p>\n\n\n\n<p style=\"padding-left:43%\"><strong>RESOLVE:<\/strong><\/p>\n\n\n\n<p>I. Revogar a <a href=\"https:\/\/progepe.ufpr.br\/portarias\/rt-2019-00196\/\" data-type=\"post\" data-id=\"70800\">Portaria n\u00ba 196\/REITORIA, de 27 de fevereiro de 2019<\/a>.<\/p>\n\n\n\n<p>II. Conceder jornada flexibilizada, tendo em vista o que consta na <a href=\"https:\/\/progepe.ufpr.br\/portarias\/rt-2018-00643\/\" data-type=\"post\" data-id=\"75712\">Portaria n\u00ba 643\/REITORIA, de 26 de novembro de 2018<\/a>, retificada pela <a href=\"https:\/\/progepe.ufpr.br\/portarias\/rt-2018-00692\/\" data-type=\"post\" data-id=\"75713\">Portaria n\u00ba 692\/REITORIA, de 17 de dezembro de 2018<\/a>, no per\u00edodo de 01 de janeiro de 2020 a 31 de dezembro de 2020, \u00e0 servidora MARIENE RIBEIRO DA SILVA &#8211; 1316825, ocupante do cargo de Assistente em Administra\u00e7\u00e3o, enquanto estiver lotada na Se\u00e7\u00e3o de Gest\u00e3o Pedag\u00f3gica do Setor Litoral.<\/p>\n","protected":false},"excerpt":{"rendered":"<p>I. Revogar a <a href=\"https:\/\/progepe.ufpr.br\/portarias\/rt-2019-00196\/\" data-type=\"post\" data-id=\"70800\">Portaria n\u00ba 196\/REITORIA, de 27 de fevereiro de 2019<\/a>.  II. Conceder jornada flexibilizada, tendo em vista o que consta na <a href=\"https:\/\/progepe.ufpr.br\/portarias\/rt-2018-00643\/\" data-type=\"post\" data-id=\"75712\">Portaria n\u00ba 643\/REITORIA, de 26 de novembro de 2018<\/a>, retificada pela <a href=\"https:\/\/progepe.ufpr.br\/portarias\/rt-2018-00692\/\" data-type=\"post\" data-id=\"75713\">Portaria n\u00ba 692\/REITORIA, de 17 de dezembro de 2018<\/a>, no per\u00edodo de 01 de janeiro de 2020 a 31 de dezembro de 2020, \u00e0 servidora MARIENE RIBEIRO DA SILVA &#8211; 1316825, ocupante do cargo de Assistente em Administra\u00e7\u00e3o, enquanto estiver lotada na Se\u00e7\u00e3o de Gest\u00e3o Pedag\u00f3gica do Setor Litoral.<\/p>\n","protected":false},"author":48,"featured_media":0,"comment_status":"closed","ping_status":"open","sticky":false,"template":"","format":"standard","meta":{"_acf_changed":false,"iawp_total_views":0,"footnotes":""},"categories":[117],"tags":[133],"class_list":["post-27144","post","type-post","status-publish","format-standard","hentry","category-rt","tag-jornada-flexibilizada"],"acf":[],"_links":{"self":[{"href":"https:\/\/progepe.ufpr.br\/portarias\/wp-json\/wp\/v2\/posts\/27144","targetHints":{"allow":["GET"]}}],"collection":[{"href":"https:\/\/progepe.ufpr.br\/portarias\/wp-json\/wp\/v2\/posts"}],"about":[{"href":"https:\/\/progepe.ufpr.br\/portarias\/wp-json\/wp\/v2\/types\/post"}],"author":[{"embeddable":true,"href":"https:\/\/progepe.ufpr.br\/portarias\/wp-json\/wp\/v2\/users\/48"}],"replies":[{"embeddable":true,"href":"https:\/\/progepe.ufpr.br\/portarias\/wp-json\/wp\/v2\/comments?post=27144"}],"version-history":[{"count":6,"href":"https:\/\/progepe.ufpr.br\/portarias\/wp-json\/wp\/v2\/posts\/27144\/revisions"}],"predecessor-version":[{"id":256760,"href":"https:\/\/progepe.ufpr.br\/portarias\/wp-json\/wp\/v2\/posts\/27144\/revisions\/256760"}],"wp:attachment":[{"href":"https:\/\/progepe.ufpr.br\/portarias\/wp-json\/wp\/v2\/media?parent=27144"}],"wp:term":[{"taxonomy":"category","embeddable":true,"href":"https:\/\/progepe.ufpr.br\/portarias\/wp-json\/wp\/v2\/categories?post=27144"},{"taxonomy":"post_tag","embeddable":true,"href":"https:\/\/progepe.ufpr.br\/portarias\/wp-json\/wp\/v2\/tags?post=27144"}],"curies":[{"name":"wp","href":"https:\/\/api.w.org\/{rel}","templated":true}]}}