{"id":27162,"date":"2020-01-15T05:17:00","date_gmt":"2020-01-15T08:17:00","guid":{"rendered":"http:\/\/progepe.ufpr.br\/portal\/?post_type=portarias&#038;p=27162"},"modified":"2024-02-06T10:26:54","modified_gmt":"2024-02-06T13:26:54","slug":"rt-2020-00193","status":"publish","type":"post","link":"https:\/\/progepe.ufpr.br\/portarias\/rt-2020-00193\/","title":{"rendered":"PORTARIA N\u00ba 00193\/REITORIA, DE 15 DE JANEIRO DE 2020"},"content":{"rendered":"\n<p><strong>O Reitor da Universidade Federal do Paran\u00e1, <\/strong>no uso de suas atribui\u00e7\u00f5es e tendo em vista o que consta no processo n\u00ba 23075.074432\/2018-16, <\/p>\n\n\n\n<p>RESOLVE:<\/p>\n\n\n\n<p>I. Revogar a Portaria n\u00ba 198\/REITORIA, de 27 de fevereiro de 2019.<\/p>\n\n\n\n<p>II. Conceder jornada flexibilizada, tendo em vista o que consta na Portaria n\u00ba 643\/REITORIA, de 26 de novembro de 2018, retificada pela Portaria n\u00ba 692\/REITORIA, de 17 de dezembro de 2018, no per\u00edodo de 01 de janeiro de 2020 a 31 de dezembro de 2020, ao servidor ROZALDO DE MELLO LEITAO SALMON &#8211; 2141844, ocupante do cargo de Assistente em Administra\u00e7\u00e3o, enquanto estiver lotado\u00a0na Se\u00e7\u00e3o de Gest\u00e3o Pedag\u00f3gica do Setor Litoral.<\/p>\n","protected":false},"excerpt":{"rendered":"<p>I. Revogar a Portaria n\u00ba 198\/REITORIA, de 27 de fevereiro de 2019.  II. Conceder jornada flexibilizada, tendo em vista o que consta na Portaria n\u00ba 643\/REITORIA, de 26 de novembro de 2018, retificada pela Portaria n\u00ba 692\/REITORIA, de 17 de dezembro de 2018, no per\u00edodo de 01 de janeiro de 2020 a 31 de dezembro de 2020, ao servidor ROZALDO DE MELLO LEITAO SALMON &#8211; 2141844, ocupante do cargo de Assistente em Administra\u00e7\u00e3o, enquanto estiver lotado\u00a0na Se\u00e7\u00e3o de Gest\u00e3o Pedag\u00f3gica do Setor Litoral.<\/p>\n","protected":false},"author":48,"featured_media":0,"comment_status":"closed","ping_status":"closed","sticky":false,"template":"","format":"standard","meta":{"_acf_changed":false,"iawp_total_views":0,"footnotes":""},"categories":[117],"tags":[133],"class_list":["post-27162","post","type-post","status-publish","format-standard","hentry","category-rt","tag-jornada-flexibilizada"],"acf":[],"_links":{"self":[{"href":"https:\/\/progepe.ufpr.br\/portarias\/wp-json\/wp\/v2\/posts\/27162","targetHints":{"allow":["GET"]}}],"collection":[{"href":"https:\/\/progepe.ufpr.br\/portarias\/wp-json\/wp\/v2\/posts"}],"about":[{"href":"https:\/\/progepe.ufpr.br\/portarias\/wp-json\/wp\/v2\/types\/post"}],"author":[{"embeddable":true,"href":"https:\/\/progepe.ufpr.br\/portarias\/wp-json\/wp\/v2\/users\/48"}],"replies":[{"embeddable":true,"href":"https:\/\/progepe.ufpr.br\/portarias\/wp-json\/wp\/v2\/comments?post=27162"}],"version-history":[{"count":3,"href":"https:\/\/progepe.ufpr.br\/portarias\/wp-json\/wp\/v2\/posts\/27162\/revisions"}],"predecessor-version":[{"id":253459,"href":"https:\/\/progepe.ufpr.br\/portarias\/wp-json\/wp\/v2\/posts\/27162\/revisions\/253459"}],"wp:attachment":[{"href":"https:\/\/progepe.ufpr.br\/portarias\/wp-json\/wp\/v2\/media?parent=27162"}],"wp:term":[{"taxonomy":"category","embeddable":true,"href":"https:\/\/progepe.ufpr.br\/portarias\/wp-json\/wp\/v2\/categories?post=27162"},{"taxonomy":"post_tag","embeddable":true,"href":"https:\/\/progepe.ufpr.br\/portarias\/wp-json\/wp\/v2\/tags?post=27162"}],"curies":[{"name":"wp","href":"https:\/\/api.w.org\/{rel}","templated":true}]}}