{"id":27909,"date":"2020-01-22T20:00:00","date_gmt":"2020-01-22T23:00:00","guid":{"rendered":"http:\/\/progepe.ufpr.br\/portal\/?post_type=portarias&#038;p=27909"},"modified":"2023-08-03T11:03:11","modified_gmt":"2023-08-03T14:03:11","slug":"dd-2020-00608","status":"publish","type":"post","link":"https:\/\/progepe.ufpr.br\/portarias\/dd-2020-00608\/","title":{"rendered":"PORTARIA N\u00ba 00608\/DD, DE 22 DE JANEIRO DE 2020"},"content":{"rendered":"\n<p><strong>O Diretor Disciplinar da\nUniversidade Federal do Paran\u00e1, <\/strong>no uso de suas atribui\u00e7\u00f5es, tendo em\nvista a compet\u00eancia que lhe \u00e9 conferida pela Portaria n\u00ba 593\/REITORIA, de 28 de\nagosto de 2017, o disposto nos artigos 143, 148, 149 e 152 da Lei n\u00ba 8.112, de\n11 de dezembro de 1990, e o que consta no Processo 23075.068178\/2019-06,<\/p>\n\n\n\n<p>RESOLVE:<\/p>\n\n\n\n<p>Designar\nos servidores JOS\u00c9 THOMAZ MENDES FILHO \u2014 1203261, Professor do Magist\u00e9rio\nSuperior, lotado no Departamento de Transportes do Setor de Tecnologia; DENISE\nMARIA WORANOVICZ CARVALHO \u2014 1510462, Professora do Magist\u00e9rio Superior, lotada\nno Departamento de Administra\u00e7\u00e3o Geral e Aplicada do Setor de Ci\u00eancias Sociais\nAplicadas; e MARIA EMILIA MARTINS FERREIRA \u2014 2163922, Assistente em\nAdministra\u00e7\u00e3o, lotada no Departamento de Ci\u00eancias Florestais do Setor de\nCi\u00eancias Agr\u00e1rias, para, sob a presid\u00eancia do primeiro, constitu\u00edrem Comiss\u00e3o\nde Processo Administrativo Disciplinar destinada a dar continuidade, no prazo\nde 60 (sessenta) dias, aos trabalhos de apura\u00e7\u00e3o dos fatos de que trata o Processo\n23075.068178\/2019-06, com aproveitamento de todos os atos praticados e provas\ncolhidas at\u00e9 o presente momento, bem como proceder ao exame dos atos e fatos\nconexos que emergirem no decorrer dos trabalhos.<\/p>\n\n\n\n<p style=\"text-align:right\">MANOEL\nROBERTO SILVA DE SOUZA<\/p>\n\n\n\n<p style=\"text-align:right\">Diretor\nDisciplinar<\/p>\n","protected":false},"excerpt":{"rendered":"<p>Designar os servidores JOS\u00c9 THOMAZ MENDES FILHO \u2014 1203261, Professor do Magist\u00e9rio Superior, lotado no Departamento de Transportes do Setor de Tecnologia; DENISE MARIA WORANOVICZ CARVALHO \u2014 1510462, Professora do Magist\u00e9rio Superior, lotada no Departamento de Administra\u00e7\u00e3o Geral e Aplicada do Setor de Ci\u00eancias Sociais Aplicadas; e MARIA EMILIA MARTINS FERREIRA \u2014 2163922, Assistente em Administra\u00e7\u00e3o, lotada no Departamento de Ci\u00eancias Florestais do Setor de Ci\u00eancias Agr\u00e1rias, para, sob a presid\u00eancia do primeiro, constitu\u00edrem Comiss\u00e3o de Processo Administrativo Disciplinar destinada a dar continuidade, no prazo de 60 (sessenta) dias, aos trabalhos de apura\u00e7\u00e3o dos fatos de que trata<\/p>\n","protected":false},"author":12,"featured_media":0,"comment_status":"closed","ping_status":"closed","sticky":false,"template":"","format":"standard","meta":{"_acf_changed":false,"iawp_total_views":1,"footnotes":""},"categories":[118],"tags":[132],"class_list":["post-27909","post","type-post","status-publish","format-standard","hentry","category-dd","tag-pad-sindicancia"],"acf":[],"_links":{"self":[{"href":"https:\/\/progepe.ufpr.br\/portarias\/wp-json\/wp\/v2\/posts\/27909","targetHints":{"allow":["GET"]}}],"collection":[{"href":"https:\/\/progepe.ufpr.br\/portarias\/wp-json\/wp\/v2\/posts"}],"about":[{"href":"https:\/\/progepe.ufpr.br\/portarias\/wp-json\/wp\/v2\/types\/post"}],"author":[{"embeddable":true,"href":"https:\/\/progepe.ufpr.br\/portarias\/wp-json\/wp\/v2\/users\/12"}],"replies":[{"embeddable":true,"href":"https:\/\/progepe.ufpr.br\/portarias\/wp-json\/wp\/v2\/comments?post=27909"}],"version-history":[{"count":2,"href":"https:\/\/progepe.ufpr.br\/portarias\/wp-json\/wp\/v2\/posts\/27909\/revisions"}],"predecessor-version":[{"id":192460,"href":"https:\/\/progepe.ufpr.br\/portarias\/wp-json\/wp\/v2\/posts\/27909\/revisions\/192460"}],"wp:attachment":[{"href":"https:\/\/progepe.ufpr.br\/portarias\/wp-json\/wp\/v2\/media?parent=27909"}],"wp:term":[{"taxonomy":"category","embeddable":true,"href":"https:\/\/progepe.ufpr.br\/portarias\/wp-json\/wp\/v2\/categories?post=27909"},{"taxonomy":"post_tag","embeddable":true,"href":"https:\/\/progepe.ufpr.br\/portarias\/wp-json\/wp\/v2\/tags?post=27909"}],"curies":[{"name":"wp","href":"https:\/\/api.w.org\/{rel}","templated":true}]}}