{"id":28347,"date":"2020-01-03T05:01:00","date_gmt":"2020-01-03T08:01:00","guid":{"rendered":"http:\/\/progepe.ufpr.br\/portal\/?post_type=portarias&#038;p=28347"},"modified":"2023-08-03T13:17:19","modified_gmt":"2023-08-03T16:17:19","slug":"rt-2020-00004","status":"publish","type":"post","link":"https:\/\/progepe.ufpr.br\/portarias\/rt-2020-00004\/","title":{"rendered":"PORTARIA N\u00ba 00004\/REITORIA, DE 03 DE JANEIRO DE 2020"},"content":{"rendered":"\n<p><strong>A Vice-Reitora da Universidade Federal do Paran\u00e1, no exerc\u00edcio do cargo de Reitora,&nbsp;<\/strong>no uso de suas atribui\u00e7\u00f5es, tendo em vista o que consta no artigo 50, \u00a7 \u00danico do Regimento Geral desta Universidade e o que consta no processo n\u00ba 23075.076630\/2019-03, <\/p>\n\n\n\n<p>RESOLVE: <\/p>\n\n\n\n<p>I.&nbsp;Nomear a servidora GIOVANA DANIELA PECHARKI VIANNA&nbsp;&#8211;\n2450532, ocupante do cargo de Professora, no regime de trabalho de dedica\u00e7\u00e3o\nexclusiva, para exercer a fun\u00e7\u00e3o de Vice-Coordenadora de Curso&nbsp;de\nP\u00f3s-Gradua\u00e7\u00e3o do Setor de Ci\u00eancias da Sa\u00fade (Programa de P\u00f3s-Gradua\u00e7\u00e3o em Sa\u00fade\nda Fam\u00edlia em Rede Nacional &#8211; Mestrado Profissional).<\/p>\n\n\n\n<p>II.&nbsp;O mandato ser\u00e1 de 02 (dois) anos, a partir da data de\npublica\u00e7\u00e3o em DOU da portaria de nomea\u00e7\u00e3o do(a) titular.<\/p>\n\n\n\n<p>III. Nos impedimentos do(a) Coordenador(a), a mencionada docente\ncumprir\u00e1, obrigatoriamente, o regime de trabalho de tempo integral, de acordo\ncom o disposto no \u00a7 5\u00b0, artigo 1\u00b0 da Lei n\u00b0 8.168\/91.<\/p>\n","protected":false},"excerpt":{"rendered":"<p>A Vice-Reitora da Universidade Federal do Paran\u00e1, no exerc\u00edcio do cargo de Reitora,&nbsp;no uso de suas atribui\u00e7\u00f5es, tendo em vista o que consta no artigo 50, \u00a7 \u00danico do Regimento Geral desta Universidade e o que consta no processo n\u00ba 23075.076630\/2019-03, RESOLVE: I.&nbsp;Nomear a servidora GIOVANA DANIELA PECHARKI VIANNA&nbsp;&#8211; 2450532, ocupante do cargo de Professora, [&hellip;]<\/p>\n","protected":false},"author":50,"featured_media":0,"comment_status":"closed","ping_status":"closed","sticky":false,"template":"","format":"standard","meta":{"_acf_changed":false,"iawp_total_views":0,"footnotes":""},"categories":[117],"tags":[120],"class_list":["post-28347","post","type-post","status-publish","format-standard","hentry","category-rt","tag-funcao"],"acf":[],"_links":{"self":[{"href":"https:\/\/progepe.ufpr.br\/portarias\/wp-json\/wp\/v2\/posts\/28347","targetHints":{"allow":["GET"]}}],"collection":[{"href":"https:\/\/progepe.ufpr.br\/portarias\/wp-json\/wp\/v2\/posts"}],"about":[{"href":"https:\/\/progepe.ufpr.br\/portarias\/wp-json\/wp\/v2\/types\/post"}],"author":[{"embeddable":true,"href":"https:\/\/progepe.ufpr.br\/portarias\/wp-json\/wp\/v2\/users\/50"}],"replies":[{"embeddable":true,"href":"https:\/\/progepe.ufpr.br\/portarias\/wp-json\/wp\/v2\/comments?post=28347"}],"version-history":[{"count":1,"href":"https:\/\/progepe.ufpr.br\/portarias\/wp-json\/wp\/v2\/posts\/28347\/revisions"}],"predecessor-version":[{"id":173297,"href":"https:\/\/progepe.ufpr.br\/portarias\/wp-json\/wp\/v2\/posts\/28347\/revisions\/173297"}],"wp:attachment":[{"href":"https:\/\/progepe.ufpr.br\/portarias\/wp-json\/wp\/v2\/media?parent=28347"}],"wp:term":[{"taxonomy":"category","embeddable":true,"href":"https:\/\/progepe.ufpr.br\/portarias\/wp-json\/wp\/v2\/categories?post=28347"},{"taxonomy":"post_tag","embeddable":true,"href":"https:\/\/progepe.ufpr.br\/portarias\/wp-json\/wp\/v2\/tags?post=28347"}],"curies":[{"name":"wp","href":"https:\/\/api.w.org\/{rel}","templated":true}]}}