{"id":29103,"date":"2020-01-27T05:01:00","date_gmt":"2020-01-27T08:01:00","guid":{"rendered":"http:\/\/progepe.ufpr.br\/portal\/?post_type=portarias&#038;p=29103"},"modified":"2023-08-03T13:17:58","modified_gmt":"2023-08-03T16:17:58","slug":"rt-2020-00288","status":"publish","type":"post","link":"https:\/\/progepe.ufpr.br\/portarias\/rt-2020-00288\/","title":{"rendered":"PORTARIA N\u00ba 00288\/REITORIA, DE 27 DE JANEIRO DE 2020"},"content":{"rendered":"\n<p><strong>O Reitor da Universidade Federal do Paran\u00e1, <\/strong>no uso de suas atribui\u00e7\u00f5es, tendo em vista o que consta no artigo 50, \u00a7 1\u00ba do Estatuto desta Universidade e o que consta no processo n\u00ba 23075.085132\/2019-43, <\/p>\n\n\n\n<p>RESOLVE: <\/p>\n\n\n\n<p>I.&nbsp;Nomear a servidora ALINE MARCHESE&nbsp;&#8211; 2283480, ocupante do\ncargo de Professora, no regime de trabalho de dedica\u00e7\u00e3o exclusiva, para exercer\na fun\u00e7\u00e3o de Coordenadora de Curso de Gradua\u00e7\u00e3o do Setor Palotina, FCC \u2013 Fun\u00e7\u00e3o\nComissionada de Coordena\u00e7\u00e3o de Curso (Curso de Agronomia), autorizada pela Lei\nn\u00ba 12.677, de 25 de junho de 2012, publicado no DOU de 26.06.2012 e\nPortaria\/MEC n\u00ba 1.172, de 17 de setembro de 2012, pelo per\u00edodo de 02 (dois)\nanos, a partir da data de publica\u00e7\u00e3o em DOU, de acordo com a Lei n\u00ba 9.527\/97.<\/p>\n\n\n\n<p>II.&nbsp;A mencionada docente cumprir\u00e1, obrigatoriamente, o regime de\ntrabalho de tempo integral, de acordo com o disposto no \u00a7 5\u00ba, artigo 1\u00ba da Lei\nn\u00ba 8.168\/91.<\/p>\n\n\n\n<p style=\"text-align:right\"><strong>RICARDO MARCELO FONSECA<\/strong><\/p>\n","protected":false},"excerpt":{"rendered":"<p>O Reitor da Universidade Federal do Paran\u00e1, no uso de suas atribui\u00e7\u00f5es, tendo em vista o que consta no artigo 50, \u00a7 1\u00ba do Estatuto desta Universidade e o que consta no processo n\u00ba 23075.085132\/2019-43, RESOLVE: I.&nbsp;Nomear a servidora ALINE MARCHESE&nbsp;&#8211; 2283480, ocupante do cargo de Professora, no regime de trabalho de dedica\u00e7\u00e3o exclusiva, para [&hellip;]<\/p>\n","protected":false},"author":50,"featured_media":0,"comment_status":"closed","ping_status":"closed","sticky":false,"template":"","format":"standard","meta":{"_acf_changed":false,"iawp_total_views":0,"footnotes":""},"categories":[117],"tags":[120],"class_list":["post-29103","post","type-post","status-publish","format-standard","hentry","category-rt","tag-funcao"],"acf":[],"_links":{"self":[{"href":"https:\/\/progepe.ufpr.br\/portarias\/wp-json\/wp\/v2\/posts\/29103","targetHints":{"allow":["GET"]}}],"collection":[{"href":"https:\/\/progepe.ufpr.br\/portarias\/wp-json\/wp\/v2\/posts"}],"about":[{"href":"https:\/\/progepe.ufpr.br\/portarias\/wp-json\/wp\/v2\/types\/post"}],"author":[{"embeddable":true,"href":"https:\/\/progepe.ufpr.br\/portarias\/wp-json\/wp\/v2\/users\/50"}],"replies":[{"embeddable":true,"href":"https:\/\/progepe.ufpr.br\/portarias\/wp-json\/wp\/v2\/comments?post=29103"}],"version-history":[{"count":1,"href":"https:\/\/progepe.ufpr.br\/portarias\/wp-json\/wp\/v2\/posts\/29103\/revisions"}],"predecessor-version":[{"id":192579,"href":"https:\/\/progepe.ufpr.br\/portarias\/wp-json\/wp\/v2\/posts\/29103\/revisions\/192579"}],"wp:attachment":[{"href":"https:\/\/progepe.ufpr.br\/portarias\/wp-json\/wp\/v2\/media?parent=29103"}],"wp:term":[{"taxonomy":"category","embeddable":true,"href":"https:\/\/progepe.ufpr.br\/portarias\/wp-json\/wp\/v2\/categories?post=29103"},{"taxonomy":"post_tag","embeddable":true,"href":"https:\/\/progepe.ufpr.br\/portarias\/wp-json\/wp\/v2\/tags?post=29103"}],"curies":[{"name":"wp","href":"https:\/\/api.w.org\/{rel}","templated":true}]}}