{"id":29139,"date":"2020-01-27T05:00:00","date_gmt":"2020-01-27T08:00:00","guid":{"rendered":"http:\/\/progepe.ufpr.br\/portal\/?post_type=portarias&#038;p=29139"},"modified":"2023-08-03T13:17:58","modified_gmt":"2023-08-03T16:17:58","slug":"rt-2020-00287","status":"publish","type":"post","link":"https:\/\/progepe.ufpr.br\/portarias\/rt-2020-00287\/","title":{"rendered":"PORTARIA N\u00ba 00287\/REITORIA, DE 27 DE JANEIRO DE 2020"},"content":{"rendered":"\n<p><strong>O Reitor da Universidade Federal do Paran\u00e1, <\/strong>no uso de suas atribui\u00e7\u00f5es, tendo em vista o que consta no artigo 50, \u00a7 \u00danico do Regimento Geral desta Universidade e o que consta no processo n\u00ba 23075.068377\/2019-14, <\/p>\n\n\n\n<p>RESOLVE: <\/p>\n\n\n\n<p>I.&nbsp;Designar a servidora ETTIENE CORDEIRO GUERIOS&nbsp;&#8211;\n342369,&nbsp;&nbsp;ocupante do cargo de Professora, no regime de trabalho de\ndedica\u00e7\u00e3o exclusiva, para exercer, de acordo com o Art. 2\u00ba, III combinado com o\nArt. 4\u00ba da Resolu\u00e7\u00e3o n\u00ba 04\/95 &#8211; COUN,&nbsp;a fun\u00e7\u00e3o de Vice-Coordenadora de\nCurso&nbsp;de P\u00f3s-Gradua\u00e7\u00e3o do Setor de Educa\u00e7\u00e3o (Programa de P\u00f3s-Gradua\u00e7\u00e3o em\nEduca\u00e7\u00e3o: Teoria e Pr\u00e1tica de Ensino &#8211; Mestrado Profissional), no per\u00edodo\nde&nbsp;14 de novembro&nbsp; de 2019 a 31 de janeiro de 2021, t\u00e9rmino do\nmandato.<\/p>\n\n\n\n<p>II. Nos impedimentos do(a) Coordenador(a), a mencionada docente\ncumprir\u00e1, obrigatoriamente, o regime de trabalho de tempo integral, de acordo\ncom o disposto no \u00a7 5\u00b0, artigo 1\u00b0 da Lei n\u00b0 8.168\/91.<\/p>\n\n\n\n<p style=\"text-align:right\"><strong>RICARDO MARCELO FONSECA<\/strong><\/p>\n","protected":false},"excerpt":{"rendered":"<p>O Reitor da Universidade Federal do Paran\u00e1, no uso de suas atribui\u00e7\u00f5es, tendo em vista o que consta no artigo 50, \u00a7 \u00danico do Regimento Geral desta Universidade e o que consta no processo n\u00ba 23075.068377\/2019-14, RESOLVE: I.&nbsp;Designar a servidora ETTIENE CORDEIRO GUERIOS&nbsp;&#8211; 342369,&nbsp;&nbsp;ocupante do cargo de Professora, no regime de trabalho de dedica\u00e7\u00e3o exclusiva, [&hellip;]<\/p>\n","protected":false},"author":50,"featured_media":0,"comment_status":"closed","ping_status":"closed","sticky":false,"template":"","format":"standard","meta":{"_acf_changed":false,"iawp_total_views":0,"footnotes":""},"categories":[117],"tags":[120],"class_list":["post-29139","post","type-post","status-publish","format-standard","hentry","category-rt","tag-funcao"],"acf":[],"_links":{"self":[{"href":"https:\/\/progepe.ufpr.br\/portarias\/wp-json\/wp\/v2\/posts\/29139","targetHints":{"allow":["GET"]}}],"collection":[{"href":"https:\/\/progepe.ufpr.br\/portarias\/wp-json\/wp\/v2\/posts"}],"about":[{"href":"https:\/\/progepe.ufpr.br\/portarias\/wp-json\/wp\/v2\/types\/post"}],"author":[{"embeddable":true,"href":"https:\/\/progepe.ufpr.br\/portarias\/wp-json\/wp\/v2\/users\/50"}],"replies":[{"embeddable":true,"href":"https:\/\/progepe.ufpr.br\/portarias\/wp-json\/wp\/v2\/comments?post=29139"}],"version-history":[{"count":1,"href":"https:\/\/progepe.ufpr.br\/portarias\/wp-json\/wp\/v2\/posts\/29139\/revisions"}],"predecessor-version":[{"id":192583,"href":"https:\/\/progepe.ufpr.br\/portarias\/wp-json\/wp\/v2\/posts\/29139\/revisions\/192583"}],"wp:attachment":[{"href":"https:\/\/progepe.ufpr.br\/portarias\/wp-json\/wp\/v2\/media?parent=29139"}],"wp:term":[{"taxonomy":"category","embeddable":true,"href":"https:\/\/progepe.ufpr.br\/portarias\/wp-json\/wp\/v2\/categories?post=29139"},{"taxonomy":"post_tag","embeddable":true,"href":"https:\/\/progepe.ufpr.br\/portarias\/wp-json\/wp\/v2\/tags?post=29139"}],"curies":[{"name":"wp","href":"https:\/\/api.w.org\/{rel}","templated":true}]}}