{"id":29181,"date":"2020-01-27T05:05:00","date_gmt":"2020-01-27T08:05:00","guid":{"rendered":"http:\/\/progepe.ufpr.br\/portal\/?post_type=portarias&#038;p=29181"},"modified":"2024-06-17T11:00:04","modified_gmt":"2024-06-17T14:00:04","slug":"rt-2020-00292","status":"publish","type":"post","link":"https:\/\/progepe.ufpr.br\/portarias\/rt-2020-00292\/","title":{"rendered":"PORTARIA N\u00ba 00292\/REITORIA, DE 27 DE JANEIRO DE 2020"},"content":{"rendered":"\n<p style=\"padding-left:43%\">O Reitor da Universidade Federal do Paran\u00e1, no uso de suas atribui\u00e7\u00f5es e tendo em vista o que consta no processo n\u00ba 23075.001920\/2020-29,<\/p>\n\n\n\n<p style=\"padding-left:43%\"><strong>RESOLVE:<\/strong><\/p>\n\n\n\n<p>Designar, a partir da data de publica\u00e7\u00e3o em DOU, o servidor MAURO CESAR BENTO JUNIOR &#8211; 1245812, ocupante do cargo de Assistente em Administra\u00e7\u00e3o, lotado na Unidade de Processos da Coordena\u00e7\u00e3o Administrativa da Superintend\u00eancia de Infraestrutura, como substituto eventual do servidor LUIS EDUARDO FALCO &#8211; 2828687, na Fun\u00e7\u00e3o Gratificada, FG-01, de Chefe da Se\u00e7\u00e3o de Controle e Execu\u00e7\u00e3o Or\u00e7ament\u00e1ria da Superintend\u00eancia de Infraestrutura.<\/p>\n","protected":false},"excerpt":{"rendered":"<p>Designar, a partir da data de publica\u00e7\u00e3o em DOU, o servidor MAURO CESAR BENTO JUNIOR &#8211; 1245812, ocupante do cargo de Assistente em Administra\u00e7\u00e3o, lotado na Unidade de Processos da Coordena\u00e7\u00e3o Administrativa da Superintend\u00eancia de Infraestrutura, como substituto eventual do servidor LUIS EDUARDO FALCO &#8211; 2828687, na Fun\u00e7\u00e3o Gratificada, FG-01, de Chefe da Se\u00e7\u00e3o de Controle e Execu\u00e7\u00e3o Or\u00e7ament\u00e1ria da Superintend\u00eancia de Infraestrutura.<\/p>\n","protected":false},"author":49,"featured_media":0,"comment_status":"closed","ping_status":"closed","sticky":false,"template":"","format":"standard","meta":{"_acf_changed":false,"iawp_total_views":2,"footnotes":""},"categories":[117],"tags":[120],"class_list":["post-29181","post","type-post","status-publish","format-standard","hentry","category-rt","tag-funcao"],"acf":[],"_links":{"self":[{"href":"https:\/\/progepe.ufpr.br\/portarias\/wp-json\/wp\/v2\/posts\/29181","targetHints":{"allow":["GET"]}}],"collection":[{"href":"https:\/\/progepe.ufpr.br\/portarias\/wp-json\/wp\/v2\/posts"}],"about":[{"href":"https:\/\/progepe.ufpr.br\/portarias\/wp-json\/wp\/v2\/types\/post"}],"author":[{"embeddable":true,"href":"https:\/\/progepe.ufpr.br\/portarias\/wp-json\/wp\/v2\/users\/49"}],"replies":[{"embeddable":true,"href":"https:\/\/progepe.ufpr.br\/portarias\/wp-json\/wp\/v2\/comments?post=29181"}],"version-history":[{"count":4,"href":"https:\/\/progepe.ufpr.br\/portarias\/wp-json\/wp\/v2\/posts\/29181\/revisions"}],"predecessor-version":[{"id":256322,"href":"https:\/\/progepe.ufpr.br\/portarias\/wp-json\/wp\/v2\/posts\/29181\/revisions\/256322"}],"wp:attachment":[{"href":"https:\/\/progepe.ufpr.br\/portarias\/wp-json\/wp\/v2\/media?parent=29181"}],"wp:term":[{"taxonomy":"category","embeddable":true,"href":"https:\/\/progepe.ufpr.br\/portarias\/wp-json\/wp\/v2\/categories?post=29181"},{"taxonomy":"post_tag","embeddable":true,"href":"https:\/\/progepe.ufpr.br\/portarias\/wp-json\/wp\/v2\/tags?post=29181"}],"curies":[{"name":"wp","href":"https:\/\/api.w.org\/{rel}","templated":true}]}}