{"id":29367,"date":"2020-01-27T05:04:00","date_gmt":"2020-01-27T08:04:00","guid":{"rendered":"http:\/\/progepe.ufpr.br\/portal\/?post_type=portarias&#038;p=29367"},"modified":"2023-08-03T13:17:59","modified_gmt":"2023-08-03T16:17:59","slug":"rt-2020-00291","status":"publish","type":"post","link":"https:\/\/progepe.ufpr.br\/portarias\/rt-2020-00291\/","title":{"rendered":"PORTARIA N\u00ba 00291\/REITORIA, DE 27 DE JANEIRO DE 2020"},"content":{"rendered":"\n<p><strong>O Reitor da Universidade Federal do Paran\u00e1, <\/strong>no uso de\nsuas atribui\u00e7\u00f5es e tendo em vista o que consta no processo n\u00ba 23075.002043\/2020-11,<\/p>\n\n\n\n<p>RESOLVE:<\/p>\n\n\n\n<p>I. Designar, tendo em vista o que consta no Art.\n8\u00ba da Resolu\u00e7\u00e3o n\u00ba 20\/2017-CEPE, para compor a CEV &#8211; I (comiss\u00e3o espec\u00edfica de\nvalida\u00e7\u00e3o para candidatos autodeclarados ind\u00edgenas), em car\u00e1ter permanente, com\no objetivo de designar as bancas de valida\u00e7\u00e3o dos termos de autodeclara\u00e7\u00e3o de\nidentidade ind\u00edgena (TADII) e avaliar os recursos correspondentes, os seguintes\nmembros:<\/p>\n\n\n\n<p><strong>Presidente:<\/strong><\/p>\n\n\n\n<p>ANDREA CARVALHO MENDES DE OLIVEIRA CASTRO &#8211; 1152234<\/p>\n\n\n\n<p><strong>Membros:<\/strong><\/p>\n\n\n\n<p>KELVY KADGE OLIVEIRA NOGUEIRA &#8211; 1657720<\/p>\n\n\n\n<p>IVANIZIA RUIZ GUIMAR\u00c3ES<\/p>\n\n\n\n<p>II. Esta Portaria cessa os efeitos das Portarias\nn\u00ba 641\/REITORIA, de 25 de setembro de 2017; e, n\u00ba 702\/REITORIA, de 20 de\noutubro de 2017.<\/p>\n\n\n\n<p style=\"text-align:right\">Ricardo Marcelo Fonseca<\/p>\n","protected":false},"excerpt":{"rendered":"<p>I. Designar, tendo em vista o que consta no Art. 8\u00ba da Resolu\u00e7\u00e3o n\u00ba 20\/2017-CEPE, para compor a CEV &#8211; I (comiss\u00e3o espec\u00edfica de valida\u00e7\u00e3o para candidatos autodeclarados ind\u00edgenas), em car\u00e1ter permanente, com o objetivo de designar as bancas de valida\u00e7\u00e3o dos termos de autodeclara\u00e7\u00e3o de identidade ind\u00edgena (TADII) e avaliar os recursos correspondentes, os seguintes membros:  <strong>Presidente:<\/strong>  ANDREA CARVALHO MENDES DE OLIVEIRA CASTRO &#8211; 1152234  <strong>Membros:<\/strong>  KELVY KADGE OLIVEIRA NOGUEIRA &#8211; 1657720  IVANIZIA RUIZ GUIMAR\u00c3ES  II. Esta Portaria cessa os efeitos das Portarias n\u00ba 641\/REITORIA, de 25 de setembro de 2017;<\/p>\n","protected":false},"author":49,"featured_media":0,"comment_status":"closed","ping_status":"closed","sticky":false,"template":"","format":"standard","meta":{"_acf_changed":false,"iawp_total_views":3,"footnotes":""},"categories":[117],"tags":[124],"class_list":["post-29367","post","type-post","status-publish","format-standard","hentry","category-rt","tag-comissao"],"acf":[],"_links":{"self":[{"href":"https:\/\/progepe.ufpr.br\/portarias\/wp-json\/wp\/v2\/posts\/29367","targetHints":{"allow":["GET"]}}],"collection":[{"href":"https:\/\/progepe.ufpr.br\/portarias\/wp-json\/wp\/v2\/posts"}],"about":[{"href":"https:\/\/progepe.ufpr.br\/portarias\/wp-json\/wp\/v2\/types\/post"}],"author":[{"embeddable":true,"href":"https:\/\/progepe.ufpr.br\/portarias\/wp-json\/wp\/v2\/users\/49"}],"replies":[{"embeddable":true,"href":"https:\/\/progepe.ufpr.br\/portarias\/wp-json\/wp\/v2\/comments?post=29367"}],"version-history":[{"count":1,"href":"https:\/\/progepe.ufpr.br\/portarias\/wp-json\/wp\/v2\/posts\/29367\/revisions"}],"predecessor-version":[{"id":192604,"href":"https:\/\/progepe.ufpr.br\/portarias\/wp-json\/wp\/v2\/posts\/29367\/revisions\/192604"}],"wp:attachment":[{"href":"https:\/\/progepe.ufpr.br\/portarias\/wp-json\/wp\/v2\/media?parent=29367"}],"wp:term":[{"taxonomy":"category","embeddable":true,"href":"https:\/\/progepe.ufpr.br\/portarias\/wp-json\/wp\/v2\/categories?post=29367"},{"taxonomy":"post_tag","embeddable":true,"href":"https:\/\/progepe.ufpr.br\/portarias\/wp-json\/wp\/v2\/tags?post=29367"}],"curies":[{"name":"wp","href":"https:\/\/api.w.org\/{rel}","templated":true}]}}