{"id":29394,"date":"2020-01-28T05:00:00","date_gmt":"2020-01-28T08:00:00","guid":{"rendered":"http:\/\/progepe.ufpr.br\/portal\/?post_type=portarias&#038;p=29394"},"modified":"2023-08-03T13:18:00","modified_gmt":"2023-08-03T16:18:00","slug":"rt-2020-00299","status":"publish","type":"post","link":"https:\/\/progepe.ufpr.br\/portarias\/rt-2020-00299\/","title":{"rendered":"PORTARIA N\u00ba 00299\/REITORIA, DE 28 DE JANEIRO DE 2020"},"content":{"rendered":"\n<p><strong>O Reitor da Universidade Federal do Paran\u00e1, <\/strong>no uso de\nsuas atribui\u00e7\u00f5es e tendo em vista o que consta no processo n\u00ba 23075.004322\/2020-10,<\/p>\n\n\n\n<p>RESOLVE:<\/p>\n\n\n\n<p>I. Designar os servidores abaixo\nrelacionados para comporem grupo de trabalho respons\u00e1vel pela organiza\u00e7\u00e3o e\nimplanta\u00e7\u00e3o dos Condom\u00ednios de Laborat\u00f3rios: a) Observat\u00f3rio Multidisciplinar\nde Meio Ambiente da UFPR (OMMA) e N\u00facleo de modelagem e Computa\u00e7\u00e3o Cient\u00edfica\n(NMCC); e, b) Centro de Desenvolvimento e Inova\u00e7\u00e3o em Materiais e Biomateriais\n(CDIM):<\/p>\n\n\n\n<p><strong>Presidente:<\/strong><\/p>\n\n\n\n<p>JOSE MILTON ANDRIGUETTO FILHO &#8211; 342555<\/p>\n\n\n\n<p><strong>Membros:<\/strong><\/p>\n\n\n\n<p>CARLOS ALBERTO BAVASTRI &#8211; 2348353<\/p>\n\n\n\n<p>CRISTOV\u00c3O VICENTE SCAPULATEMPO FERNANDES &#8211; 1050112<\/p>\n\n\n\n<p>DANTE HOMERO MOSCA JUNIOR &#8211; 344283<\/p>\n\n\n\n<p>EDUARDO MARCIO DE OLIVEIRA LOPES &#8211; 1159318<\/p>\n\n\n\n<p>IZABEL CRISTINA RIEGEL VIDOTTI MIYATA &#8211; 1241652<\/p>\n\n\n\n<p>LUCIMARA STOLZ ROMAN &#8211; 1351588<\/p>\n\n\n\n<p>MARCO TADEU GRASSI &#8211; 1208011<\/p>\n\n\n\n<p>SERGIO ROBERTO LOPES &#8211; 1225445<\/p>\n\n\n\n<p>VALDIR FRIGO DENARDIN &#8211; 1524434<\/p>\n\n\n\n<p>WAGNER MACHADO NUNAN ZOLA &#8211; 343001<\/p>\n\n\n\n<p>II. Respeitadas as pol\u00edticas de atua\u00e7\u00e3o acordadas com\no agente financiador, o grupo dever\u00e1 no prazo de 120 (cento e vinte) dias:<\/p>\n\n\n\n<ol class=\"wp-block-list\"><li>Validar\na proposta de ocupa\u00e7\u00e3o dos condom\u00ednios;<\/li><li>Elaborar\ne publicar crit\u00e9rios de ocupa\u00e7\u00e3o dos espa\u00e7os e regras gerais de funcionamento\ndos Condom\u00ednios, priorizando o uso coletivo dos recursos;<\/li><li>Estabelecer\nregras de credenciamento dos laborat\u00f3rios e indicadores para acompanhamento dos\nlaborat\u00f3rios que integram os Condom\u00ednios; e,<\/li><li>Estabelecer\nregras gerais de gest\u00e3o da infraestrutura dos Condom\u00ednios.<\/li><\/ol>\n\n\n\n<p style=\"text-align:right\">Ricardo\nMarcelo Fonseca<\/p>\n","protected":false},"excerpt":{"rendered":"<p>I. Designar os servidores abaixo relacionados para comporem grupo de trabalho respons\u00e1vel pela organiza\u00e7\u00e3o e implanta\u00e7\u00e3o dos Condom\u00ednios de Laborat\u00f3rios: a) Observat\u00f3rio Multidisciplinar de Meio Ambiente da UFPR (OMMA) e N\u00facleo de modelagem e Computa\u00e7\u00e3o Cient\u00edfica (NMCC); e, b) Centro de Desenvolvimento e Inova\u00e7\u00e3o em Materiais e Biomateriais (CDIM):  <strong>Presidente:<\/strong>  JOSE MILTON ANDRIGUETTO FILHO &#8211; 342555  <strong>Membros:<\/strong>  CARLOS ALBERTO BAVASTRI &#8211; 2348353  CRISTOV\u00c3O VICENTE SCAPULATEMPO FERNANDES &#8211; 1050112  DANTE HOMERO MOSCA JUNIOR &#8211; 344283  EDUARDO MARCIO DE OLIVEIRA LOPES &#8211; 1159318  IZABEL CRISTINA RIEGEL VIDOTTI MIYATA &#8211; 1241652  LUCIMARA<\/p>\n","protected":false},"author":49,"featured_media":0,"comment_status":"closed","ping_status":"closed","sticky":false,"template":"","format":"standard","meta":{"_acf_changed":false,"iawp_total_views":2,"footnotes":""},"categories":[117],"tags":[119],"class_list":["post-29394","post","type-post","status-publish","format-standard","hentry","category-rt","tag-diversos"],"acf":[],"_links":{"self":[{"href":"https:\/\/progepe.ufpr.br\/portarias\/wp-json\/wp\/v2\/posts\/29394","targetHints":{"allow":["GET"]}}],"collection":[{"href":"https:\/\/progepe.ufpr.br\/portarias\/wp-json\/wp\/v2\/posts"}],"about":[{"href":"https:\/\/progepe.ufpr.br\/portarias\/wp-json\/wp\/v2\/types\/post"}],"author":[{"embeddable":true,"href":"https:\/\/progepe.ufpr.br\/portarias\/wp-json\/wp\/v2\/users\/49"}],"replies":[{"embeddable":true,"href":"https:\/\/progepe.ufpr.br\/portarias\/wp-json\/wp\/v2\/comments?post=29394"}],"version-history":[{"count":1,"href":"https:\/\/progepe.ufpr.br\/portarias\/wp-json\/wp\/v2\/posts\/29394\/revisions"}],"predecessor-version":[{"id":192608,"href":"https:\/\/progepe.ufpr.br\/portarias\/wp-json\/wp\/v2\/posts\/29394\/revisions\/192608"}],"wp:attachment":[{"href":"https:\/\/progepe.ufpr.br\/portarias\/wp-json\/wp\/v2\/media?parent=29394"}],"wp:term":[{"taxonomy":"category","embeddable":true,"href":"https:\/\/progepe.ufpr.br\/portarias\/wp-json\/wp\/v2\/categories?post=29394"},{"taxonomy":"post_tag","embeddable":true,"href":"https:\/\/progepe.ufpr.br\/portarias\/wp-json\/wp\/v2\/tags?post=29394"}],"curies":[{"name":"wp","href":"https:\/\/api.w.org\/{rel}","templated":true}]}}