{"id":29916,"date":"2020-02-03T05:03:00","date_gmt":"2020-02-03T08:03:00","guid":{"rendered":"http:\/\/progepe.ufpr.br\/portal\/?post_type=portarias&#038;p=29916"},"modified":"2023-08-03T13:18:06","modified_gmt":"2023-08-03T16:18:06","slug":"rt-2020-00346","status":"publish","type":"post","link":"https:\/\/progepe.ufpr.br\/portarias\/rt-2020-00346\/","title":{"rendered":"PORTARIA N\u00ba 00346\/REITORIA, DE 03 DE FEVEREIRO DE 2020"},"content":{"rendered":"\n<p><strong>O Reitor da Universidade Federal\ndo Paran\u00e1, <\/strong>no uso de suas\natribui\u00e7\u00f5es e tendo em vista o que consta no processo n\u00ba 23075.003218\/2020-08,<\/p>\n\n\n\n<p>RESOLVE:<\/p>\n\n\n\n<p>Designar para compor a comiss\u00e3o de an\u00e1lise dos\ndocumentos dos candidatos ind\u00edgenas classificados no XIX Vestibular dos Povos\nInd\u00edgenas no Paran\u00e1, os seguintes membros:<\/p>\n\n\n\n<p><strong>Presidente:<\/strong><\/p>\n\n\n\n<p>EDUARDO\nSALLES DE OLIVEIRA BARRA &#8211; 1354144<\/p>\n\n\n\n<p><strong>Vice-Presidente:<\/strong><\/p>\n\n\n\n<p>KELVY\nKADGE OLIVEIRA NOGUEIRA &#8211; 1657720<\/p>\n\n\n\n<p><strong>Membros:<\/strong><\/p>\n\n\n\n<p>ADRIANA\nCRISTINA WASUASKI RIECHTER &#8211; 1169932<\/p>\n\n\n\n<p>ANA\nELISA DE CASTRO FREITAS &#8211; 1671993<\/p>\n\n\n\n<p>GINA\nMARCELA MARCASSI RODRIGUES &#8211; 1045261<\/p>\n\n\n\n<p>JULIO\nGOMES &#8211; 1720823<\/p>\n\n\n\n<p>KELLY\nCRISTINE SCHIBELBAIN SANTOS &#8211; 1550222<\/p>\n\n\n\n<p>LAIRDES\nFIGUEREDO CHEKE &#8211; 1489317<\/p>\n\n\n\n<p>LIGIA\nMARIA ROSSETTO &#8211; 1749692<\/p>\n\n\n\n<p>VAL\u00c9RIA\nFLORIANO MACHADO &#8211; 2169424<\/p>\n\n\n\n<p style=\"text-align:right\">Ricardo Marcelo Fonseca<\/p>\n","protected":false},"excerpt":{"rendered":"<p>Designar para compor a comiss\u00e3o de an\u00e1lise dos documentos dos candidatos ind\u00edgenas classificados no XIX Vestibular dos Povos Ind\u00edgenas no Paran\u00e1, os seguintes membros:  <strong>Presidente:<\/strong>  EDUARDO SALLES DE OLIVEIRA BARRA &#8211; 1354144  <strong>Vice-Presidente:<\/strong>  KELVY KADGE OLIVEIRA NOGUEIRA &#8211; 1657720  <strong>Membros:<\/strong>  ADRIANA CRISTINA WASUASKI RIECHTER &#8211; 1169932  ANA ELISA DE CASTRO FREITAS &#8211; 1671993  GINA MARCELA MARCASSI RODRIGUES &#8211; 1045261  JULIO GOMES &#8211; 1720823  KELLY CRISTINE SCHIBELBAIN SANTOS &#8211; 1550222  LAIRDES FIGUEREDO CHEKE &#8211; 1489317  LIGIA MARIA ROSSETTO &#8211; 1749692  VAL\u00c9RIA FLORIANO MACHADO &#8211; 2169424<\/p>\n","protected":false},"author":49,"featured_media":0,"comment_status":"closed","ping_status":"closed","sticky":false,"template":"","format":"standard","meta":{"_acf_changed":false,"iawp_total_views":12,"footnotes":""},"categories":[117],"tags":[124],"class_list":["post-29916","post","type-post","status-publish","format-standard","hentry","category-rt","tag-comissao"],"acf":[],"_links":{"self":[{"href":"https:\/\/progepe.ufpr.br\/portarias\/wp-json\/wp\/v2\/posts\/29916","targetHints":{"allow":["GET"]}}],"collection":[{"href":"https:\/\/progepe.ufpr.br\/portarias\/wp-json\/wp\/v2\/posts"}],"about":[{"href":"https:\/\/progepe.ufpr.br\/portarias\/wp-json\/wp\/v2\/types\/post"}],"author":[{"embeddable":true,"href":"https:\/\/progepe.ufpr.br\/portarias\/wp-json\/wp\/v2\/users\/49"}],"replies":[{"embeddable":true,"href":"https:\/\/progepe.ufpr.br\/portarias\/wp-json\/wp\/v2\/comments?post=29916"}],"version-history":[{"count":1,"href":"https:\/\/progepe.ufpr.br\/portarias\/wp-json\/wp\/v2\/posts\/29916\/revisions"}],"predecessor-version":[{"id":192661,"href":"https:\/\/progepe.ufpr.br\/portarias\/wp-json\/wp\/v2\/posts\/29916\/revisions\/192661"}],"wp:attachment":[{"href":"https:\/\/progepe.ufpr.br\/portarias\/wp-json\/wp\/v2\/media?parent=29916"}],"wp:term":[{"taxonomy":"category","embeddable":true,"href":"https:\/\/progepe.ufpr.br\/portarias\/wp-json\/wp\/v2\/categories?post=29916"},{"taxonomy":"post_tag","embeddable":true,"href":"https:\/\/progepe.ufpr.br\/portarias\/wp-json\/wp\/v2\/tags?post=29916"}],"curies":[{"name":"wp","href":"https:\/\/api.w.org\/{rel}","templated":true}]}}