{"id":29970,"date":"2020-02-03T05:09:00","date_gmt":"2020-02-03T08:09:00","guid":{"rendered":"http:\/\/progepe.ufpr.br\/portal\/?post_type=portarias&#038;p=29970"},"modified":"2023-08-03T13:18:07","modified_gmt":"2023-08-03T16:18:07","slug":"rt-2020-00352","status":"publish","type":"post","link":"https:\/\/progepe.ufpr.br\/portarias\/rt-2020-00352\/","title":{"rendered":"PORTARIA N\u00ba 00352\/REITORIA, DE 03 DE FEVEREIRO DE 2020"},"content":{"rendered":"\n<p><strong>O\nReitor da Universidade Federal do Paran\u00e1, <\/strong>no uso de suas atribui\u00e7\u00f5es e tendo em\nvista o que consta no processo n\u00ba 23075.002565\/2020-13,<\/p>\n\n\n\n<p>RESOLVE:<\/p>\n\n\n\n<p>Alterar a jornada de\ntrabalho de 40 (quarenta) horas semanais, para 30 (trinta) horas semanais, com\nremunera\u00e7\u00e3o proporcional, do servidor RAFAEL DOS SANTOS &#8211; 2397870, ocupante do\ncargo de Administrador, lotado no Departamento de Ci\u00eancia e Gest\u00e3o da\nInforma\u00e7\u00e3o do Setor de Ci\u00eancias Sociais Aplicadas, a partir de 03 de fevereiro\nde 2020, tendo em vista o que consta no Art. 5\u00ba da Medida Provis\u00f3ria n\u00ba\n2.174-28, de 24 de agosto de 2001.<\/p>\n\n\n\n<p style=\"text-align:right\">Ricardo\nMarcelo Fonseca<\/p>\n","protected":false},"excerpt":{"rendered":"<p>Alterar a jornada de trabalho de 40 (quarenta) horas semanais, para 30 (trinta) horas semanais, com remunera\u00e7\u00e3o proporcional, do servidor RAFAEL DOS SANTOS &#8211; 2397870, ocupante do cargo de Administrador, lotado no Departamento de Ci\u00eancia e Gest\u00e3o da Informa\u00e7\u00e3o do Setor de Ci\u00eancias Sociais Aplicadas, a partir de 03 de fevereiro de 2020, tendo em vista o que consta no Art. 5\u00ba da Medida Provis\u00f3ria n\u00ba 2.174-28, de 24 de agosto de 2001.  <!-- wp:paragraph {\"align\":\"right\"} \n\n<p style=\"text-align:right\">Ricardo Marcelo Fonseca\n<\/p>\n","protected":false},"author":49,"featured_media":0,"comment_status":"closed","ping_status":"closed","sticky":false,"template":"","format":"standard","meta":{"_acf_changed":false,"iawp_total_views":0,"footnotes":""},"categories":[117],"tags":[130],"class_list":["post-29970","post","type-post","status-publish","format-standard","hentry","category-rt","tag-regime-trabalho"],"acf":[],"_links":{"self":[{"href":"https:\/\/progepe.ufpr.br\/portarias\/wp-json\/wp\/v2\/posts\/29970","targetHints":{"allow":["GET"]}}],"collection":[{"href":"https:\/\/progepe.ufpr.br\/portarias\/wp-json\/wp\/v2\/posts"}],"about":[{"href":"https:\/\/progepe.ufpr.br\/portarias\/wp-json\/wp\/v2\/types\/post"}],"author":[{"embeddable":true,"href":"https:\/\/progepe.ufpr.br\/portarias\/wp-json\/wp\/v2\/users\/49"}],"replies":[{"embeddable":true,"href":"https:\/\/progepe.ufpr.br\/portarias\/wp-json\/wp\/v2\/comments?post=29970"}],"version-history":[{"count":1,"href":"https:\/\/progepe.ufpr.br\/portarias\/wp-json\/wp\/v2\/posts\/29970\/revisions"}],"predecessor-version":[{"id":192667,"href":"https:\/\/progepe.ufpr.br\/portarias\/wp-json\/wp\/v2\/posts\/29970\/revisions\/192667"}],"wp:attachment":[{"href":"https:\/\/progepe.ufpr.br\/portarias\/wp-json\/wp\/v2\/media?parent=29970"}],"wp:term":[{"taxonomy":"category","embeddable":true,"href":"https:\/\/progepe.ufpr.br\/portarias\/wp-json\/wp\/v2\/categories?post=29970"},{"taxonomy":"post_tag","embeddable":true,"href":"https:\/\/progepe.ufpr.br\/portarias\/wp-json\/wp\/v2\/tags?post=29970"}],"curies":[{"name":"wp","href":"https:\/\/api.w.org\/{rel}","templated":true}]}}