{"id":30420,"date":"2020-01-23T05:06:00","date_gmt":"2020-01-23T08:06:00","guid":{"rendered":"http:\/\/progepe.ufpr.br\/portal\/?post_type=portarias&#038;p=30420"},"modified":"2023-08-03T13:17:56","modified_gmt":"2023-08-03T16:17:56","slug":"rt-2020-00271","status":"publish","type":"post","link":"https:\/\/progepe.ufpr.br\/portarias\/rt-2020-00271\/","title":{"rendered":"PORTARIA N\u00ba 00271\/REITORIA, DE 23 DE JANEIRO DE 2020"},"content":{"rendered":"\n<p><strong>O Reitor da Universidade Federal do Paran\u00e1, <\/strong>no uso de suas atribui\u00e7\u00f5es considerando o que consta no artigo 9\u00ba, inciso II da Lei n\u00ba 8.112\/90 e tendo em vista o que consta no processo n\u00ba 23075.003490\/2020-80, <\/p>\n\n\n\n<p>RESOLVE: <\/p>\n\n\n\n<p>Alterar a Portaria n\u00ba 400\/REITORIA, de 13 de julho de 2018, publicada no\nDi\u00e1rio Oficial da Uni\u00e3o de&nbsp;18 de julho de 2018, se\u00e7\u00e3o 2, p\u00e1g. 30,\nreferente \u00e0 nomea\u00e7\u00e3o da servidora SAYURI UNOKI DE AZEVEDO&nbsp;&#8211; 2274680, na\nfun\u00e7\u00e3o de Coordenadora do Curso de Ci\u00eancias Cont\u00e1beis, FCC \u2013 Fun\u00e7\u00e3o\nComissionada de Coordena\u00e7\u00e3o de Curso, do Setor de Ci\u00eancias Sociais Aplicadas,\npara fazer constar que, a partir da data de publica\u00e7\u00e3o em DOU desta Portaria, a\nreferida fun\u00e7\u00e3o&nbsp;passa a denominar-se Coordenador(a) de Curso de Gradua\u00e7\u00e3o\ndo Setor de Ci\u00eancias Sociais Aplicadas, FCC \u2013 Fun\u00e7\u00e3o Comissionada de\nCoordena\u00e7\u00e3o de Curso&nbsp;(Curso de Ci\u00eancias Cont\u00e1beis).<\/p>\n\n\n\n<p style=\"text-align:right\"><strong>RICARDO MARCELO FONSECA<\/strong><\/p>\n","protected":false},"excerpt":{"rendered":"<p>O Reitor da Universidade Federal do Paran\u00e1, no uso de suas atribui\u00e7\u00f5es considerando o que consta no artigo 9\u00ba, inciso II da Lei n\u00ba 8.112\/90 e tendo em vista o que consta no processo n\u00ba 23075.003490\/2020-80, RESOLVE: Alterar a Portaria n\u00ba 400\/REITORIA, de 13 de julho de 2018, publicada no Di\u00e1rio Oficial da Uni\u00e3o de&nbsp;18 [&hellip;]<\/p>\n","protected":false},"author":50,"featured_media":0,"comment_status":"closed","ping_status":"closed","sticky":false,"template":"","format":"standard","meta":{"_acf_changed":false,"iawp_total_views":0,"footnotes":""},"categories":[117],"tags":[120],"class_list":["post-30420","post","type-post","status-publish","format-standard","hentry","category-rt","tag-funcao"],"acf":[],"_links":{"self":[{"href":"https:\/\/progepe.ufpr.br\/portarias\/wp-json\/wp\/v2\/posts\/30420","targetHints":{"allow":["GET"]}}],"collection":[{"href":"https:\/\/progepe.ufpr.br\/portarias\/wp-json\/wp\/v2\/posts"}],"about":[{"href":"https:\/\/progepe.ufpr.br\/portarias\/wp-json\/wp\/v2\/types\/post"}],"author":[{"embeddable":true,"href":"https:\/\/progepe.ufpr.br\/portarias\/wp-json\/wp\/v2\/users\/50"}],"replies":[{"embeddable":true,"href":"https:\/\/progepe.ufpr.br\/portarias\/wp-json\/wp\/v2\/comments?post=30420"}],"version-history":[{"count":1,"href":"https:\/\/progepe.ufpr.br\/portarias\/wp-json\/wp\/v2\/posts\/30420\/revisions"}],"predecessor-version":[{"id":192712,"href":"https:\/\/progepe.ufpr.br\/portarias\/wp-json\/wp\/v2\/posts\/30420\/revisions\/192712"}],"wp:attachment":[{"href":"https:\/\/progepe.ufpr.br\/portarias\/wp-json\/wp\/v2\/media?parent=30420"}],"wp:term":[{"taxonomy":"category","embeddable":true,"href":"https:\/\/progepe.ufpr.br\/portarias\/wp-json\/wp\/v2\/categories?post=30420"},{"taxonomy":"post_tag","embeddable":true,"href":"https:\/\/progepe.ufpr.br\/portarias\/wp-json\/wp\/v2\/tags?post=30420"}],"curies":[{"name":"wp","href":"https:\/\/api.w.org\/{rel}","templated":true}]}}