{"id":30438,"date":"2020-01-23T05:09:00","date_gmt":"2020-01-23T08:09:00","guid":{"rendered":"http:\/\/progepe.ufpr.br\/portal\/?post_type=portarias&#038;p=30438"},"modified":"2023-08-03T13:17:56","modified_gmt":"2023-08-03T16:17:56","slug":"rt-2020-00274","status":"publish","type":"post","link":"https:\/\/progepe.ufpr.br\/portarias\/rt-2020-00274\/","title":{"rendered":"PORTARIA N\u00ba 00274\/REITORIA, DE 23 DE JANEIRO DE 2020"},"content":{"rendered":"\n<p><strong>O Reitor da Universidade Federal do Paran\u00e1, <\/strong>no uso de suas atribui\u00e7\u00f5es considerando o que consta no artigo 9\u00ba, inciso II da Lei n\u00ba 8.112\/90 e tendo em vista o que consta no processo n\u00ba 23075.003490\/2020-80, <\/p>\n\n\n\n<p>RESOLVE: <\/p>\n\n\n\n<p>Alterar a Portaria n\u00ba 411\/REITORIA, de&nbsp;16 de julho&nbsp;de 2018,\npublicada no Di\u00e1rio Oficial da Uni\u00e3o de&nbsp;19 de julho&nbsp;de 2018, se\u00e7\u00e3o 2,\np\u00e1g. 25, referente \u00e0 nomea\u00e7\u00e3o do servidor LUCIANO MARCIO SCHERER&nbsp;&#8211;\n1520172, na fun\u00e7\u00e3o gratificada de Chefe do Departamento de Contabilidade,\nFG-01, do Setor de Ci\u00eancias Sociais Aplicadas, para fazer constar que, a partir\nda data de publica\u00e7\u00e3o em DOU desta Portaria, a referida fun\u00e7\u00e3o&nbsp;passa a\ndenominar-se &nbsp;Chefe do Departamento de Ci\u00eancias Cont\u00e1beis, FG-01, do Setor\nde Ci\u00eancias Sociais Aplicadas.<\/p>\n\n\n\n<p style=\"text-align:right\"><strong>RICARDO MARCELO FONSECA<\/strong><\/p>\n","protected":false},"excerpt":{"rendered":"<p>O Reitor da Universidade Federal do Paran\u00e1, no uso de suas atribui\u00e7\u00f5es considerando o que consta no artigo 9\u00ba, inciso II da Lei n\u00ba 8.112\/90 e tendo em vista o que consta no processo n\u00ba 23075.003490\/2020-80, RESOLVE: Alterar a Portaria n\u00ba 411\/REITORIA, de&nbsp;16 de julho&nbsp;de 2018, publicada no Di\u00e1rio Oficial da Uni\u00e3o de&nbsp;19 de julho&nbsp;de [&hellip;]<\/p>\n","protected":false},"author":50,"featured_media":0,"comment_status":"closed","ping_status":"closed","sticky":false,"template":"","format":"standard","meta":{"_acf_changed":false,"iawp_total_views":0,"footnotes":""},"categories":[117],"tags":[120],"class_list":["post-30438","post","type-post","status-publish","format-standard","hentry","category-rt","tag-funcao"],"acf":[],"_links":{"self":[{"href":"https:\/\/progepe.ufpr.br\/portarias\/wp-json\/wp\/v2\/posts\/30438","targetHints":{"allow":["GET"]}}],"collection":[{"href":"https:\/\/progepe.ufpr.br\/portarias\/wp-json\/wp\/v2\/posts"}],"about":[{"href":"https:\/\/progepe.ufpr.br\/portarias\/wp-json\/wp\/v2\/types\/post"}],"author":[{"embeddable":true,"href":"https:\/\/progepe.ufpr.br\/portarias\/wp-json\/wp\/v2\/users\/50"}],"replies":[{"embeddable":true,"href":"https:\/\/progepe.ufpr.br\/portarias\/wp-json\/wp\/v2\/comments?post=30438"}],"version-history":[{"count":1,"href":"https:\/\/progepe.ufpr.br\/portarias\/wp-json\/wp\/v2\/posts\/30438\/revisions"}],"predecessor-version":[{"id":192715,"href":"https:\/\/progepe.ufpr.br\/portarias\/wp-json\/wp\/v2\/posts\/30438\/revisions\/192715"}],"wp:attachment":[{"href":"https:\/\/progepe.ufpr.br\/portarias\/wp-json\/wp\/v2\/media?parent=30438"}],"wp:term":[{"taxonomy":"category","embeddable":true,"href":"https:\/\/progepe.ufpr.br\/portarias\/wp-json\/wp\/v2\/categories?post=30438"},{"taxonomy":"post_tag","embeddable":true,"href":"https:\/\/progepe.ufpr.br\/portarias\/wp-json\/wp\/v2\/tags?post=30438"}],"curies":[{"name":"wp","href":"https:\/\/api.w.org\/{rel}","templated":true}]}}