{"id":30480,"date":"2020-02-06T05:00:00","date_gmt":"2020-02-06T08:00:00","guid":{"rendered":"http:\/\/progepe.ufpr.br\/portal\/?post_type=portarias&#038;p=30480"},"modified":"2023-08-03T13:18:12","modified_gmt":"2023-08-03T16:18:12","slug":"rt-2020-00391","status":"publish","type":"post","link":"https:\/\/progepe.ufpr.br\/portarias\/rt-2020-00391\/","title":{"rendered":"PORTARIA N\u00ba 00391\/REITORIA, DE 06 DE FEVEREIRO DE 2020"},"content":{"rendered":"\n<p><strong>O Reitor da Universidade Federal do Paran\u00e1, <\/strong>no uso de\nsuas atribui\u00e7\u00f5es e tendo em vista o que consta no processo n\u00ba 23075.004322\/2020-10,<\/p>\n\n\n\n<p>RESOLVE:<\/p>\n\n\n\n<p>Designar o servidor LEONARDO\nJOSE CORDEIRO SANTOS &#8211; 2294344, Professor do Magist\u00e9rio Superior, lotado no\nDepartamento de Geografia do Setor de Ci\u00eancias da Terra, como membro do grupo\nde trabalho respons\u00e1vel pela organiza\u00e7\u00e3o e implanta\u00e7\u00e3o dos Condom\u00ednios de\nLaborat\u00f3rios: a) Observat\u00f3rio Multidisciplinar de Meio Ambiente da UFPR (OMMA)\ne N\u00facleo de Modelagem e Computa\u00e7\u00e3o Cient\u00edfica (NMCC); e, b) Centro de\nDesenvolvimento e Inova\u00e7\u00e3o em Materiais e Biomateriais (CDIM), designado pela\nPortaria n\u00ba 299\/REITORIA, de 28 de janeiro de 2020.<\/p>\n\n\n\n<p style=\"text-align:right\">Ricardo Marcelo Fonseca<\/p>\n","protected":false},"excerpt":{"rendered":"<p>Designar o servidor LEONARDO JOSE CORDEIRO SANTOS &#8211; 2294344, Professor do Magist\u00e9rio Superior, lotado no Departamento de Geografia do Setor de Ci\u00eancias da Terra, como membro do grupo de trabalho respons\u00e1vel pela organiza\u00e7\u00e3o e implanta\u00e7\u00e3o dos Condom\u00ednios de Laborat\u00f3rios: a) Observat\u00f3rio Multidisciplinar de Meio Ambiente da UFPR (OMMA) e N\u00facleo de Modelagem e Computa\u00e7\u00e3o Cient\u00edfica (NMCC); e, b) Centro de Desenvolvimento e Inova\u00e7\u00e3o em Materiais e Biomateriais (CDIM), designado pela Portaria n\u00ba 299\/REITORIA, de 28 de janeiro de 2020.  <!-- wp:paragraph {\"align\":\"right\"} \n\n<p style=\"text-align:right\">Ricardo Marcelo Fonseca\n<\/p>\n","protected":false},"author":49,"featured_media":0,"comment_status":"closed","ping_status":"closed","sticky":false,"template":"","format":"standard","meta":{"_acf_changed":false,"iawp_total_views":1,"footnotes":""},"categories":[117],"tags":[119],"class_list":["post-30480","post","type-post","status-publish","format-standard","hentry","category-rt","tag-diversos"],"acf":[],"_links":{"self":[{"href":"https:\/\/progepe.ufpr.br\/portarias\/wp-json\/wp\/v2\/posts\/30480","targetHints":{"allow":["GET"]}}],"collection":[{"href":"https:\/\/progepe.ufpr.br\/portarias\/wp-json\/wp\/v2\/posts"}],"about":[{"href":"https:\/\/progepe.ufpr.br\/portarias\/wp-json\/wp\/v2\/types\/post"}],"author":[{"embeddable":true,"href":"https:\/\/progepe.ufpr.br\/portarias\/wp-json\/wp\/v2\/users\/49"}],"replies":[{"embeddable":true,"href":"https:\/\/progepe.ufpr.br\/portarias\/wp-json\/wp\/v2\/comments?post=30480"}],"version-history":[{"count":1,"href":"https:\/\/progepe.ufpr.br\/portarias\/wp-json\/wp\/v2\/posts\/30480\/revisions"}],"predecessor-version":[{"id":192721,"href":"https:\/\/progepe.ufpr.br\/portarias\/wp-json\/wp\/v2\/posts\/30480\/revisions\/192721"}],"wp:attachment":[{"href":"https:\/\/progepe.ufpr.br\/portarias\/wp-json\/wp\/v2\/media?parent=30480"}],"wp:term":[{"taxonomy":"category","embeddable":true,"href":"https:\/\/progepe.ufpr.br\/portarias\/wp-json\/wp\/v2\/categories?post=30480"},{"taxonomy":"post_tag","embeddable":true,"href":"https:\/\/progepe.ufpr.br\/portarias\/wp-json\/wp\/v2\/tags?post=30480"}],"curies":[{"name":"wp","href":"https:\/\/api.w.org\/{rel}","templated":true}]}}