{"id":30558,"date":"2020-02-07T20:00:00","date_gmt":"2020-02-07T23:00:00","guid":{"rendered":"http:\/\/progepe.ufpr.br\/portal\/?post_type=portarias&#038;p=30558"},"modified":"2023-08-03T11:03:11","modified_gmt":"2023-08-03T14:03:11","slug":"dd-2020-00618","status":"publish","type":"post","link":"https:\/\/progepe.ufpr.br\/portarias\/dd-2020-00618\/","title":{"rendered":"PORTARIA N\u00ba 00618\/DD, DE 07 DE FEVEREIRO DE 2020"},"content":{"rendered":"\n<p><strong>O Diretor Disciplinar da Universidade Federal do Paran\u00e1, <\/strong>no uso de suas atribui\u00e7\u00f5es, tendo em vista a compet\u00eancia que lhe \u00e9 conferida pela Portaria n\u00ba 593\/REITORIA, de 28 de agosto de 2017, o disposto no artigo 143 da Lei n\u00ba 8.112, de 11 de dezembro de 1990, nos artigos 19, 20 e 21 da Instru\u00e7\u00e3o Normativa CGU n\u00ba 14, de 14 de novembro de 2018, e o que consta no Processo 23075.082864\/2019-81, <\/p>\n\n\n\n<p>RESOLVE:<\/p>\n\n\n\n<p>Prorrogar por 60 (sessenta) dias o prazo para conclus\u00e3o dos trabalhos da Comiss\u00e3o de Sindic\u00e2ncia Investigativa de que trata a Portaria n\u00ba 587\/DD, de 11 de dezembro de 2019. <\/p>\n\n\n\n<p style=\"text-align:right\">MANOEL ROBERTO SILVA DE SOUZA <br>Diretor Disciplinar <\/p>\n","protected":false},"excerpt":{"rendered":"<p>Prorrogar por 60 (sessenta) dias o prazo para conclus\u00e3o dos trabalhos da Comiss\u00e3o de Sindic\u00e2ncia Investigativa de que trata a Portaria n\u00ba 587\/DD, de 11 de dezembro de 2019.  <!-- wp:paragraph {\"align\":\"right\"} \n\n<p style=\"text-align:right\">MANOEL ROBERTO SILVA DE SOUZA <br \/>Diretor Disciplinar\n<\/p>\n","protected":false},"author":11,"featured_media":0,"comment_status":"closed","ping_status":"closed","sticky":false,"template":"","format":"standard","meta":{"_acf_changed":false,"iawp_total_views":0,"footnotes":""},"categories":[118],"tags":[132],"class_list":["post-30558","post","type-post","status-publish","format-standard","hentry","category-dd","tag-pad-sindicancia"],"acf":[],"_links":{"self":[{"href":"https:\/\/progepe.ufpr.br\/portarias\/wp-json\/wp\/v2\/posts\/30558","targetHints":{"allow":["GET"]}}],"collection":[{"href":"https:\/\/progepe.ufpr.br\/portarias\/wp-json\/wp\/v2\/posts"}],"about":[{"href":"https:\/\/progepe.ufpr.br\/portarias\/wp-json\/wp\/v2\/types\/post"}],"author":[{"embeddable":true,"href":"https:\/\/progepe.ufpr.br\/portarias\/wp-json\/wp\/v2\/users\/11"}],"replies":[{"embeddable":true,"href":"https:\/\/progepe.ufpr.br\/portarias\/wp-json\/wp\/v2\/comments?post=30558"}],"version-history":[{"count":3,"href":"https:\/\/progepe.ufpr.br\/portarias\/wp-json\/wp\/v2\/posts\/30558\/revisions"}],"predecessor-version":[{"id":192731,"href":"https:\/\/progepe.ufpr.br\/portarias\/wp-json\/wp\/v2\/posts\/30558\/revisions\/192731"}],"wp:attachment":[{"href":"https:\/\/progepe.ufpr.br\/portarias\/wp-json\/wp\/v2\/media?parent=30558"}],"wp:term":[{"taxonomy":"category","embeddable":true,"href":"https:\/\/progepe.ufpr.br\/portarias\/wp-json\/wp\/v2\/categories?post=30558"},{"taxonomy":"post_tag","embeddable":true,"href":"https:\/\/progepe.ufpr.br\/portarias\/wp-json\/wp\/v2\/tags?post=30558"}],"curies":[{"name":"wp","href":"https:\/\/api.w.org\/{rel}","templated":true}]}}