{"id":30711,"date":"2020-01-28T05:01:00","date_gmt":"2020-01-28T08:01:00","guid":{"rendered":"http:\/\/progepe.ufpr.br\/portal\/?post_type=portarias&#038;p=30711"},"modified":"2023-08-03T13:18:00","modified_gmt":"2023-08-03T16:18:00","slug":"rt-2020-00300","status":"publish","type":"post","link":"https:\/\/progepe.ufpr.br\/portarias\/rt-2020-00300\/","title":{"rendered":"PORTARIA N\u00ba 00300\/REITORIA, DE 28 DE JANEIRO DE 2020"},"content":{"rendered":"\n<p><strong>O Reitor da Universidade Federal do Paran\u00e1, <\/strong>no uso de suas atribui\u00e7\u00f5es considerando o que consta no artigo 9\u00ba, inciso II da Lei n\u00ba 8.112\/90 e tendo em vista o que consta no processo n\u00ba 23075.004229\/2020-05,<\/p>\n\n\n\n<p>RESOLVE: <\/p>\n\n\n\n<p>Alterar a Portaria n\u00ba 1120\/REITORIA, de 21 de novembro de 2019,\npublicada no Di\u00e1rio Oficial da Uni\u00e3o de&nbsp;25 de novembro de 2019, se\u00e7\u00e3o 2,\np\u00e1g. 30, referente \u00e0 nomea\u00e7\u00e3o do servidor ALESSANDRO ANTONIO SCADUTO&nbsp;&#8211;\n2355347, na fun\u00e7\u00e3o de Coordenador do Curso de Psicologia, FCC \u2013 Fun\u00e7\u00e3o\nComissionada de Coordena\u00e7\u00e3o de Curso, do Setor de Ci\u00eancias Humanas, para fazer\nconstar que, a partir da data de publica\u00e7\u00e3o em DOU desta Portaria, a referida\nfun\u00e7\u00e3o&nbsp;passa a denominar-se Coordenador(a) de Curso de Gradua\u00e7\u00e3o do Setor\nde Ci\u00eancias Humanas, FCC \u2013 Fun\u00e7\u00e3o Comissionada de Coordena\u00e7\u00e3o de\nCurso&nbsp;(Curso de Psicologia).<\/p>\n\n\n\n<p style=\"text-align:right\"><strong>RICARDO MARCELO FONSECA<\/strong><\/p>\n","protected":false},"excerpt":{"rendered":"<p>O Reitor da Universidade Federal do Paran\u00e1, no uso de suas atribui\u00e7\u00f5es considerando o que consta no artigo 9\u00ba, inciso II da Lei n\u00ba 8.112\/90 e tendo em vista o que consta no processo n\u00ba 23075.004229\/2020-05, RESOLVE: Alterar a Portaria n\u00ba 1120\/REITORIA, de 21 de novembro de 2019, publicada no Di\u00e1rio Oficial da Uni\u00e3o de&nbsp;25 [&hellip;]<\/p>\n","protected":false},"author":50,"featured_media":0,"comment_status":"closed","ping_status":"closed","sticky":false,"template":"","format":"standard","meta":{"_acf_changed":false,"iawp_total_views":0,"footnotes":""},"categories":[117],"tags":[120],"class_list":["post-30711","post","type-post","status-publish","format-standard","hentry","category-rt","tag-funcao"],"acf":[],"_links":{"self":[{"href":"https:\/\/progepe.ufpr.br\/portarias\/wp-json\/wp\/v2\/posts\/30711","targetHints":{"allow":["GET"]}}],"collection":[{"href":"https:\/\/progepe.ufpr.br\/portarias\/wp-json\/wp\/v2\/posts"}],"about":[{"href":"https:\/\/progepe.ufpr.br\/portarias\/wp-json\/wp\/v2\/types\/post"}],"author":[{"embeddable":true,"href":"https:\/\/progepe.ufpr.br\/portarias\/wp-json\/wp\/v2\/users\/50"}],"replies":[{"embeddable":true,"href":"https:\/\/progepe.ufpr.br\/portarias\/wp-json\/wp\/v2\/comments?post=30711"}],"version-history":[{"count":1,"href":"https:\/\/progepe.ufpr.br\/portarias\/wp-json\/wp\/v2\/posts\/30711\/revisions"}],"predecessor-version":[{"id":192749,"href":"https:\/\/progepe.ufpr.br\/portarias\/wp-json\/wp\/v2\/posts\/30711\/revisions\/192749"}],"wp:attachment":[{"href":"https:\/\/progepe.ufpr.br\/portarias\/wp-json\/wp\/v2\/media?parent=30711"}],"wp:term":[{"taxonomy":"category","embeddable":true,"href":"https:\/\/progepe.ufpr.br\/portarias\/wp-json\/wp\/v2\/categories?post=30711"},{"taxonomy":"post_tag","embeddable":true,"href":"https:\/\/progepe.ufpr.br\/portarias\/wp-json\/wp\/v2\/tags?post=30711"}],"curies":[{"name":"wp","href":"https:\/\/api.w.org\/{rel}","templated":true}]}}