{"id":30714,"date":"2020-02-06T05:01:00","date_gmt":"2020-02-06T08:01:00","guid":{"rendered":"http:\/\/progepe.ufpr.br\/portal\/?post_type=portarias&#038;p=30714"},"modified":"2024-06-17T11:06:04","modified_gmt":"2024-06-17T14:06:04","slug":"rt-2020-00392","status":"publish","type":"post","link":"https:\/\/progepe.ufpr.br\/portarias\/rt-2020-00392\/","title":{"rendered":"PORTARIA N\u00ba 00392\/REITORIA, DE 06 DE FEVEREIRO DE 2020"},"content":{"rendered":"\n<p style=\"padding-left:43%\">O Reitor da Universidade Federal do Paran\u00e1, no uso de suas atribui\u00e7\u00f5es e tendo em vista o que consta no processo n\u00ba 23075.001920\/2020-29,<\/p>\n\n\n\n<p style=\"padding-left:43%\"><strong>RESOLVE:<\/strong><\/p>\n\n\n\n<p>Retificar a <a href=\"https:\/\/progepe.ufpr.br\/portarias\/rt-2020-00292\/\" data-type=\"post\" data-id=\"29181\">Portaria n\u00ba 292\/REITORIA, de 27 de janeiro de 2020<\/a>, publicada no DOU de 31.01.2020, Se\u00e7\u00e3o 2, p\u00e1g. 50, referente \u00e0 designa\u00e7\u00e3o de MAURO CESAR BENTO JUNIOR &#8211; 1245812, como substituto eventual do servidor LUIS EDUARDO FALCO &#8211; 2828687, na Fun\u00e7\u00e3o Gratificada, FG-01, de Chefe da Se\u00e7\u00e3o de Controle e Execu\u00e7\u00e3o Or\u00e7ament\u00e1ria da Superintend\u00eancia de Infraestrutura:<\/p>\n\n\n\n<p style=\"padding-left:var(--wp--preset--spacing--30)\">Onde se l\u00ea: &#8230; a partir da data de publica\u00e7\u00e3o em DOU, &#8230; .<br>Leia-se: &#8230; a partir de 01 de fevereiro de 2020, &#8230; .<\/p>\n","protected":false},"excerpt":{"rendered":"<p>Retificar a <a href=\"https:\/\/progepe.ufpr.br\/portarias\/rt-2020-00292\/\" data-type=\"post\" data-id=\"29181\">Portaria n\u00ba 292\/REITORIA, de 27 de janeiro de 2020<\/a>, publicada no DOU de 31.01.2020, Se\u00e7\u00e3o 2, p\u00e1g. 50, referente \u00e0 designa\u00e7\u00e3o de MAURO CESAR BENTO JUNIOR &#8211; 1245812, como substituto eventual do servidor LUIS EDUARDO FALCO &#8211; 2828687, na Fun\u00e7\u00e3o Gratificada, FG-01, de Chefe da Se\u00e7\u00e3o de Controle e Execu\u00e7\u00e3o Or\u00e7ament\u00e1ria da Superintend\u00eancia de Infraestrutura:  <!-- wp:paragraph {\"style\":{\"spacing\":{\"padding\":{\"left\":\"var:preset|spacing|30\"}}}} \n\n<p style=\"padding-left:var(--wp--preset--spacing--30)\">Onde se l\u00ea: ... a partir da data de publica\u00e7\u00e3o em DOU, ... .<br \/>Leia-se: ... a partir de 01 de fevereiro de 2020, ... .\n<\/p>\n","protected":false},"author":49,"featured_media":0,"comment_status":"closed","ping_status":"closed","sticky":false,"template":"","format":"standard","meta":{"_acf_changed":false,"iawp_total_views":3,"footnotes":""},"categories":[117],"tags":[120],"class_list":["post-30714","post","type-post","status-publish","format-standard","hentry","category-rt","tag-funcao"],"acf":[],"_links":{"self":[{"href":"https:\/\/progepe.ufpr.br\/portarias\/wp-json\/wp\/v2\/posts\/30714","targetHints":{"allow":["GET"]}}],"collection":[{"href":"https:\/\/progepe.ufpr.br\/portarias\/wp-json\/wp\/v2\/posts"}],"about":[{"href":"https:\/\/progepe.ufpr.br\/portarias\/wp-json\/wp\/v2\/types\/post"}],"author":[{"embeddable":true,"href":"https:\/\/progepe.ufpr.br\/portarias\/wp-json\/wp\/v2\/users\/49"}],"replies":[{"embeddable":true,"href":"https:\/\/progepe.ufpr.br\/portarias\/wp-json\/wp\/v2\/comments?post=30714"}],"version-history":[{"count":3,"href":"https:\/\/progepe.ufpr.br\/portarias\/wp-json\/wp\/v2\/posts\/30714\/revisions"}],"predecessor-version":[{"id":256324,"href":"https:\/\/progepe.ufpr.br\/portarias\/wp-json\/wp\/v2\/posts\/30714\/revisions\/256324"}],"wp:attachment":[{"href":"https:\/\/progepe.ufpr.br\/portarias\/wp-json\/wp\/v2\/media?parent=30714"}],"wp:term":[{"taxonomy":"category","embeddable":true,"href":"https:\/\/progepe.ufpr.br\/portarias\/wp-json\/wp\/v2\/categories?post=30714"},{"taxonomy":"post_tag","embeddable":true,"href":"https:\/\/progepe.ufpr.br\/portarias\/wp-json\/wp\/v2\/tags?post=30714"}],"curies":[{"name":"wp","href":"https:\/\/api.w.org\/{rel}","templated":true}]}}