{"id":30726,"date":"2020-01-28T05:03:00","date_gmt":"2020-01-28T08:03:00","guid":{"rendered":"http:\/\/progepe.ufpr.br\/portal\/?post_type=portarias&#038;p=30726"},"modified":"2023-08-03T13:18:00","modified_gmt":"2023-08-03T16:18:00","slug":"rt-2020-00302","status":"publish","type":"post","link":"https:\/\/progepe.ufpr.br\/portarias\/rt-2020-00302\/","title":{"rendered":"PORTARIA N\u00ba 00302\/REITORIA, DE 28 DE JANEIRO DE 2020"},"content":{"rendered":"\n<p><strong>O Reitor da Universidade Federal do Paran\u00e1, <\/strong>no uso de suas atribui\u00e7\u00f5es considerando o que consta no artigo 9\u00ba, inciso II da Lei n\u00ba 8.112\/90 e tendo em vista o que consta no processo n\u00ba 23075.004229\/2020-05, <\/p>\n\n\n\n<p>RESOLVE: <\/p>\n\n\n\n<p>Alterar a Portaria n\u00ba 418\/REITORIA, de 21 de maio de 2019, publicada no\nDi\u00e1rio Oficial da Uni\u00e3o de&nbsp;29 de maio de 2019, se\u00e7\u00e3o 2, p\u00e1g. 40, referente\n\u00e0 nomea\u00e7\u00e3o do servidor PAULO ROBERTO NEVES COSTA&nbsp;&#8211; 1114879, na fun\u00e7\u00e3o de\nCoordenador do Programa de P\u00f3s-Gradua\u00e7\u00e3o em Ci\u00eancia Pol\u00edtica, FCC \u2013 Fun\u00e7\u00e3o\nComissionada de Coordena\u00e7\u00e3o de Curso, do Setor de Ci\u00eancias Humanas, para fazer\nconstar que, a partir da data de publica\u00e7\u00e3o em DOU desta Portaria, a referida\nfun\u00e7\u00e3o&nbsp;passa a denominar-se Coordenador(a) de Curso de P\u00f3s-Gradua\u00e7\u00e3o do\nSetor de Ci\u00eancias Humanas, FCC \u2013 Fun\u00e7\u00e3o Comissionada de Coordena\u00e7\u00e3o de\nCurso&nbsp;(Programa de P\u00f3s-Gradua\u00e7\u00e3o em Ci\u00eancia Pol\u00edtica).<\/p>\n\n\n\n<p style=\"text-align:right\"><strong>RICARDO MARCELO FONSECA<\/strong><\/p>\n","protected":false},"excerpt":{"rendered":"<p>O Reitor da Universidade Federal do Paran\u00e1, no uso de suas atribui\u00e7\u00f5es considerando o que consta no artigo 9\u00ba, inciso II da Lei n\u00ba 8.112\/90 e tendo em vista o que consta no processo n\u00ba 23075.004229\/2020-05, RESOLVE: Alterar a Portaria n\u00ba 418\/REITORIA, de 21 de maio de 2019, publicada no Di\u00e1rio Oficial da Uni\u00e3o de&nbsp;29 [&hellip;]<\/p>\n","protected":false},"author":50,"featured_media":0,"comment_status":"closed","ping_status":"closed","sticky":false,"template":"","format":"standard","meta":{"_acf_changed":false,"iawp_total_views":0,"footnotes":""},"categories":[117],"tags":[120],"class_list":["post-30726","post","type-post","status-publish","format-standard","hentry","category-rt","tag-funcao"],"acf":[],"_links":{"self":[{"href":"https:\/\/progepe.ufpr.br\/portarias\/wp-json\/wp\/v2\/posts\/30726","targetHints":{"allow":["GET"]}}],"collection":[{"href":"https:\/\/progepe.ufpr.br\/portarias\/wp-json\/wp\/v2\/posts"}],"about":[{"href":"https:\/\/progepe.ufpr.br\/portarias\/wp-json\/wp\/v2\/types\/post"}],"author":[{"embeddable":true,"href":"https:\/\/progepe.ufpr.br\/portarias\/wp-json\/wp\/v2\/users\/50"}],"replies":[{"embeddable":true,"href":"https:\/\/progepe.ufpr.br\/portarias\/wp-json\/wp\/v2\/comments?post=30726"}],"version-history":[{"count":1,"href":"https:\/\/progepe.ufpr.br\/portarias\/wp-json\/wp\/v2\/posts\/30726\/revisions"}],"predecessor-version":[{"id":192752,"href":"https:\/\/progepe.ufpr.br\/portarias\/wp-json\/wp\/v2\/posts\/30726\/revisions\/192752"}],"wp:attachment":[{"href":"https:\/\/progepe.ufpr.br\/portarias\/wp-json\/wp\/v2\/media?parent=30726"}],"wp:term":[{"taxonomy":"category","embeddable":true,"href":"https:\/\/progepe.ufpr.br\/portarias\/wp-json\/wp\/v2\/categories?post=30726"},{"taxonomy":"post_tag","embeddable":true,"href":"https:\/\/progepe.ufpr.br\/portarias\/wp-json\/wp\/v2\/tags?post=30726"}],"curies":[{"name":"wp","href":"https:\/\/api.w.org\/{rel}","templated":true}]}}