{"id":30789,"date":"2020-02-05T05:06:00","date_gmt":"2020-02-05T08:06:00","guid":{"rendered":"http:\/\/progepe.ufpr.br\/portal\/?post_type=portarias&#038;p=30789"},"modified":"2023-08-03T13:18:09","modified_gmt":"2023-08-03T16:18:09","slug":"rt-2020-00365","status":"publish","type":"post","link":"https:\/\/progepe.ufpr.br\/portarias\/rt-2020-00365\/","title":{"rendered":"PORTARIA N\u00ba 00365\/REITORIA, DE 05 DE FEVEREIRO DE 2020"},"content":{"rendered":"\n<p><strong>O Reitor da Universidade Federal do Paran\u00e1, <\/strong>no uso de suas atribui\u00e7\u00f5es considerando o que consta no artigo 9\u00ba, inciso II da Lei n\u00ba 8.112\/90 e tendo em vista o que consta no processo n\u00ba 23075.004229\/2020-05,<\/p>\n\n\n\n<p>RESOLVE: <\/p>\n\n\n\n<p>Alterar a Portaria n\u00ba 429\/REITORIA, de 27 de maio de\n2019,&nbsp;referente \u00e0 nomea\u00e7\u00e3o do servidor JOS\u00c9 ROBERTO BRAGA PORTELLA&nbsp;&#8211;\n1046228&nbsp;, na fun\u00e7\u00e3o de Vice-Coordenador do Curso de Hist\u00f3ria \u2013 Mem\u00f3ria e\nImagem do Setor de Ci\u00eancias Humanas, para fazer constar que, a partir de 31 de\njaneiro de 2020, a referida fun\u00e7\u00e3o&nbsp;passa a denominar-se\nVice-Coordenador(a) de Curso de Gradua\u00e7\u00e3o do Setor de\nCi\u00eancias&nbsp;Humanas&nbsp;(Curso de Hist\u00f3ria \u2013 Mem\u00f3ria e Imagem).<\/p>\n\n\n\n<p style=\"text-align:right\"><strong>RICARDO MARCELO FONSECA<\/strong><\/p>\n","protected":false},"excerpt":{"rendered":"<p>O Reitor da Universidade Federal do Paran\u00e1, no uso de suas atribui\u00e7\u00f5es considerando o que consta no artigo 9\u00ba, inciso II da Lei n\u00ba 8.112\/90 e tendo em vista o que consta no processo n\u00ba 23075.004229\/2020-05, RESOLVE: Alterar a Portaria n\u00ba 429\/REITORIA, de 27 de maio de 2019,&nbsp;referente \u00e0 nomea\u00e7\u00e3o do servidor JOS\u00c9 ROBERTO BRAGA [&hellip;]<\/p>\n","protected":false},"author":50,"featured_media":0,"comment_status":"closed","ping_status":"closed","sticky":false,"template":"","format":"standard","meta":{"_acf_changed":false,"iawp_total_views":0,"footnotes":""},"categories":[117],"tags":[120],"class_list":["post-30789","post","type-post","status-publish","format-standard","hentry","category-rt","tag-funcao"],"acf":[],"_links":{"self":[{"href":"https:\/\/progepe.ufpr.br\/portarias\/wp-json\/wp\/v2\/posts\/30789","targetHints":{"allow":["GET"]}}],"collection":[{"href":"https:\/\/progepe.ufpr.br\/portarias\/wp-json\/wp\/v2\/posts"}],"about":[{"href":"https:\/\/progepe.ufpr.br\/portarias\/wp-json\/wp\/v2\/types\/post"}],"author":[{"embeddable":true,"href":"https:\/\/progepe.ufpr.br\/portarias\/wp-json\/wp\/v2\/users\/50"}],"replies":[{"embeddable":true,"href":"https:\/\/progepe.ufpr.br\/portarias\/wp-json\/wp\/v2\/comments?post=30789"}],"version-history":[{"count":1,"href":"https:\/\/progepe.ufpr.br\/portarias\/wp-json\/wp\/v2\/posts\/30789\/revisions"}],"predecessor-version":[{"id":192762,"href":"https:\/\/progepe.ufpr.br\/portarias\/wp-json\/wp\/v2\/posts\/30789\/revisions\/192762"}],"wp:attachment":[{"href":"https:\/\/progepe.ufpr.br\/portarias\/wp-json\/wp\/v2\/media?parent=30789"}],"wp:term":[{"taxonomy":"category","embeddable":true,"href":"https:\/\/progepe.ufpr.br\/portarias\/wp-json\/wp\/v2\/categories?post=30789"},{"taxonomy":"post_tag","embeddable":true,"href":"https:\/\/progepe.ufpr.br\/portarias\/wp-json\/wp\/v2\/tags?post=30789"}],"curies":[{"name":"wp","href":"https:\/\/api.w.org\/{rel}","templated":true}]}}