{"id":30825,"date":"2020-02-05T05:12:00","date_gmt":"2020-02-05T08:12:00","guid":{"rendered":"http:\/\/progepe.ufpr.br\/portal\/?post_type=portarias&#038;p=30825"},"modified":"2023-08-03T13:18:10","modified_gmt":"2023-08-03T16:18:10","slug":"rt-2020-00371","status":"publish","type":"post","link":"https:\/\/progepe.ufpr.br\/portarias\/rt-2020-00371\/","title":{"rendered":"PORTARIA N\u00ba 00371\/REITORIA, DE 05 DE FEVEREIRO DE 2020"},"content":{"rendered":"\n<p><strong>O Reitor da Universidade Federal do Paran\u00e1, <\/strong>no uso de suas atribui\u00e7\u00f5es considerando o que consta no artigo 9\u00ba, inciso II da Lei n\u00ba 8.112\/90 e tendo em vista o que consta no processo n\u00ba 23075.004229\/2020-05,<\/p>\n\n\n\n<p>RESOLVE: <\/p>\n\n\n\n<p>Alterar a Portaria n\u00ba 447\/REITORIA, de 06 de agosto de\n2018,&nbsp;referente \u00e0 nomea\u00e7\u00e3o da servidora MARLENE TAMANINI&nbsp;&#8211; 1452509,\nna fun\u00e7\u00e3o de Vice-Coordenadora do Programa de P\u00f3s-Gradua\u00e7\u00e3o em Sociologia do\nSetor de Ci\u00eancias Humanas, para fazer constar que, a partir de 31 de janeiro de\n2020, a referida fun\u00e7\u00e3o&nbsp;passa a denominar-se Vice-Coordenador(a) de Curso\nde P\u00f3s-Gradua\u00e7\u00e3o do Setor de Ci\u00eancias&nbsp;Humanas (Programa de P\u00f3s-Gradua\u00e7\u00e3o\nem Sociologia).<\/p>\n\n\n\n<p style=\"text-align:right\"><strong>RICARDO MARCELO FONSECA<\/strong><\/p>\n","protected":false},"excerpt":{"rendered":"<p>O Reitor da Universidade Federal do Paran\u00e1, no uso de suas atribui\u00e7\u00f5es considerando o que consta no artigo 9\u00ba, inciso II da Lei n\u00ba 8.112\/90 e tendo em vista o que consta no processo n\u00ba 23075.004229\/2020-05, RESOLVE: Alterar a Portaria n\u00ba 447\/REITORIA, de 06 de agosto de 2018,&nbsp;referente \u00e0 nomea\u00e7\u00e3o da servidora MARLENE TAMANINI&nbsp;&#8211; 1452509, [&hellip;]<\/p>\n","protected":false},"author":50,"featured_media":0,"comment_status":"closed","ping_status":"closed","sticky":false,"template":"","format":"standard","meta":{"_acf_changed":false,"iawp_total_views":0,"footnotes":""},"categories":[117],"tags":[120],"class_list":["post-30825","post","type-post","status-publish","format-standard","hentry","category-rt","tag-funcao"],"acf":[],"_links":{"self":[{"href":"https:\/\/progepe.ufpr.br\/portarias\/wp-json\/wp\/v2\/posts\/30825","targetHints":{"allow":["GET"]}}],"collection":[{"href":"https:\/\/progepe.ufpr.br\/portarias\/wp-json\/wp\/v2\/posts"}],"about":[{"href":"https:\/\/progepe.ufpr.br\/portarias\/wp-json\/wp\/v2\/types\/post"}],"author":[{"embeddable":true,"href":"https:\/\/progepe.ufpr.br\/portarias\/wp-json\/wp\/v2\/users\/50"}],"replies":[{"embeddable":true,"href":"https:\/\/progepe.ufpr.br\/portarias\/wp-json\/wp\/v2\/comments?post=30825"}],"version-history":[{"count":1,"href":"https:\/\/progepe.ufpr.br\/portarias\/wp-json\/wp\/v2\/posts\/30825\/revisions"}],"predecessor-version":[{"id":192768,"href":"https:\/\/progepe.ufpr.br\/portarias\/wp-json\/wp\/v2\/posts\/30825\/revisions\/192768"}],"wp:attachment":[{"href":"https:\/\/progepe.ufpr.br\/portarias\/wp-json\/wp\/v2\/media?parent=30825"}],"wp:term":[{"taxonomy":"category","embeddable":true,"href":"https:\/\/progepe.ufpr.br\/portarias\/wp-json\/wp\/v2\/categories?post=30825"},{"taxonomy":"post_tag","embeddable":true,"href":"https:\/\/progepe.ufpr.br\/portarias\/wp-json\/wp\/v2\/tags?post=30825"}],"curies":[{"name":"wp","href":"https:\/\/api.w.org\/{rel}","templated":true}]}}