{"id":31209,"date":"2020-02-06T10:00:00","date_gmt":"2020-02-06T13:00:00","guid":{"rendered":"http:\/\/progepe.ufpr.br\/portal\/?post_type=portarias&#038;p=31209"},"modified":"2023-08-03T12:53:27","modified_gmt":"2023-08-03T15:53:27","slug":"progepe-2020-00486","status":"publish","type":"post","link":"https:\/\/progepe.ufpr.br\/portarias\/progepe-2020-00486\/","title":{"rendered":"PORTARIA N\u00ba 00486\/PROGEPE, DE 06 DE FEVEREIRO DE 2020"},"content":{"rendered":"\n<p><strong>O\nPr\u00f3-Reitor de Gest\u00e3o de Pessoas da Universidade Federal do Paran\u00e1, <\/strong>no uso de\nsuas atribui\u00e7\u00f5es, tendo em vista a compet\u00eancia que lhe \u00e9 conferida pela Portaria\nn\u00ba 2.590, de 26 de setembro de 1997;\no\ndisposto na Portaria Interministerial n\u00ba 441, de 20 de novembro de 2014; Portaria\nMP\/GM n\u00ba 555, de 30 de dezembro de 2014; o contido no processo n\u00ba 23075.005977\/2020-05;\ne considerando: <\/p>\n\n\n\n<p>A Instru\u00e7\u00e3o Normativa n\u00ba 03, de 11 de fevereiro de 2015,\nda Secretaria de Log\u00edstica e Tecnologia da Informa\u00e7\u00e3o\/MP, que disp\u00f5e sobre\ndiretrizes e procedimentos para aquisi\u00e7\u00e3o de passagens a\u00e9reas pela\nAdministra\u00e7\u00e3o P\u00fablica Federal direta, aut\u00e1rquica e fundacional;<\/p>\n\n\n\n<p>O Of\u00edcio-Circular n\u00ba 009\/2015-PROPLAN, que disp\u00f5e sobre\na ades\u00e3o ao Cart\u00e3o de Pagamento do Governo Federal CPGF-Passagem e os novos\nprocedimentos para aquisi\u00e7\u00e3o de passagens a\u00e9reas nacionais;<\/p>\n\n\n\n<p>RESOLVE:<\/p>\n\n\n\n<p>I. Designar as servidoras MARIA HELENA COMINESE DIAS\n&#8211; 1508007, CPF n\u00ba \u275a\u275a\u275a.\u275a\u275a\u275a.\u275a\u275a\u275a-\u275a\u275a; e, MARTA CRISTINE ANTUNES RIBEIRO &#8211; 107093, CPF\nn\u00ba \u275a\u275a\u275a.\u275a\u275a\u275a.\u275a\u275a\u275a-\u275a\u275a, para exercerem no Sistema de Concess\u00e3o de Di\u00e1rias e Passagens\ndo Governo Federal &#8211; SCDP, no \u00e2mbito do Centro de Computa\u00e7\u00e3o Eletr\u00f4nica da\nPr\u00f3-Reitoria de Administra\u00e7\u00e3o, as atividades previstas nos Art. 15 e 20 da IN\nMP n\u00ba 03\/2015-SLTI\/MPOG, com suas respectivas atribui\u00e7\u00f5es.<\/p>\n\n\n\n<p>II.\nQuando uma das servidoras acima nomeadas desempenhar as fun\u00e7\u00f5es previstas no\nArt. 15 da IN MP n\u00ba 03\/2015-SLTI\/MPOG, consequentemente a outra dever\u00e1\ndesempenhar as fun\u00e7\u00f5es previstas no Art. 20; e, em hip\u00f3tese alguma as duas\nservidoras dever\u00e3o desempenhar as mesmas fun\u00e7\u00f5es.<\/p>\n\n\n\n<p>III.\nEsta Portaria cessa os efeitos da Portaria n\u00ba 14.951\/PROGEPE, de 05 de janeiro\nde 2016.<\/p>\n\n\n\n<p style=\"text-align:right\">Douglas\nOrtiz Hamermuller<\/p>\n","protected":false},"excerpt":{"rendered":"<p>I. Designar as servidoras MARIA HELENA COMINESE DIAS &#8211; 1508007, CPF n\u00ba \u275a\u275a\u275a.\u275a\u275a\u275a.\u275a\u275a\u275a-\u275a\u275a; e, MARTA CRISTINE ANTUNES RIBEIRO &#8211; 107093, CPF n\u00ba \u275a\u275a\u275a.\u275a\u275a\u275a.\u275a\u275a\u275a-\u275a\u275a, para exercerem no Sistema de Concess\u00e3o de Di\u00e1rias e Passagens do Governo Federal &#8211; SCDP, no \u00e2mbito do Centro de Computa\u00e7\u00e3o Eletr\u00f4nica da Pr\u00f3-Reitoria de Administra\u00e7\u00e3o, as atividades previstas nos Art. 15 e 20 da IN MP n\u00ba 03\/2015-SLTI\/MPOG, com suas respectivas atribui\u00e7\u00f5es.  II. Quando uma das servidoras acima nomeadas desempenhar as fun\u00e7\u00f5es previstas no Art. 15 da IN MP n\u00ba 03\/2015-SLTI\/MPOG, consequentemente a outra dever\u00e1 desempenhar as fun\u00e7\u00f5es previstas no Art. 20; e,<\/p>\n","protected":false},"author":49,"featured_media":0,"comment_status":"closed","ping_status":"closed","sticky":false,"template":"","format":"standard","meta":{"_acf_changed":false,"iawp_total_views":1,"footnotes":""},"categories":[116],"tags":[119],"class_list":["post-31209","post","type-post","status-publish","format-standard","hentry","category-progepe","tag-diversos"],"acf":[],"_links":{"self":[{"href":"https:\/\/progepe.ufpr.br\/portarias\/wp-json\/wp\/v2\/posts\/31209","targetHints":{"allow":["GET"]}}],"collection":[{"href":"https:\/\/progepe.ufpr.br\/portarias\/wp-json\/wp\/v2\/posts"}],"about":[{"href":"https:\/\/progepe.ufpr.br\/portarias\/wp-json\/wp\/v2\/types\/post"}],"author":[{"embeddable":true,"href":"https:\/\/progepe.ufpr.br\/portarias\/wp-json\/wp\/v2\/users\/49"}],"replies":[{"embeddable":true,"href":"https:\/\/progepe.ufpr.br\/portarias\/wp-json\/wp\/v2\/comments?post=31209"}],"version-history":[{"count":1,"href":"https:\/\/progepe.ufpr.br\/portarias\/wp-json\/wp\/v2\/posts\/31209\/revisions"}],"predecessor-version":[{"id":192806,"href":"https:\/\/progepe.ufpr.br\/portarias\/wp-json\/wp\/v2\/posts\/31209\/revisions\/192806"}],"wp:attachment":[{"href":"https:\/\/progepe.ufpr.br\/portarias\/wp-json\/wp\/v2\/media?parent=31209"}],"wp:term":[{"taxonomy":"category","embeddable":true,"href":"https:\/\/progepe.ufpr.br\/portarias\/wp-json\/wp\/v2\/categories?post=31209"},{"taxonomy":"post_tag","embeddable":true,"href":"https:\/\/progepe.ufpr.br\/portarias\/wp-json\/wp\/v2\/tags?post=31209"}],"curies":[{"name":"wp","href":"https:\/\/api.w.org\/{rel}","templated":true}]}}