{"id":31221,"date":"2020-02-06T10:02:00","date_gmt":"2020-02-06T13:02:00","guid":{"rendered":"http:\/\/progepe.ufpr.br\/portal\/?post_type=portarias&#038;p=31221"},"modified":"2023-08-03T12:53:27","modified_gmt":"2023-08-03T15:53:27","slug":"progepe-2020-00488","status":"publish","type":"post","link":"https:\/\/progepe.ufpr.br\/portarias\/progepe-2020-00488\/","title":{"rendered":"PORTARIA N\u00ba 00488\/PROGEPE, DE 06 DE FEVEREIRO DE 2020"},"content":{"rendered":"\n<p><strong>O Pr\u00f3-Reitor de Gest\u00e3o de\nPessoas da Universidade Federal do Paran\u00e1, <\/strong>no uso de suas atribui\u00e7\u00f5es, tendo em vista a compet\u00eancia que lhe \u00e9\nconferida pela Portaria n\u00ba 2.590, de 26 de setembro de 1997 e considerando o\nque consta no processo n\u00ba 23075.005641\/2020-34,<\/p>\n\n\n\n<p>RESOLVE:<\/p>\n\n\n\n<p>Designar para\nexercer as atividades previstas nos Art. 15 e 20 da IN MP n\u00ba 03\/2015-SLTI\/MPOG,\ncom suas respectivas atribui\u00e7\u00f5es no Sistema de Concess\u00e3o de Di\u00e1rias e Passagens\ndo Governo Federal &#8211; SCDP, no \u00e2mbito da Pr\u00f3-Reitoria de Pesquisa e\nP\u00f3s-Gradua\u00e7\u00e3o, em complemento \u00e0 Portaria n\u00ba 2.235\/PROGEPE, de 28 de maio de\n2019, a\nservidora GABRIELA DEBAS DOS SANTOS CLERISI &#8211; 2875359, CPF n\u00ba\n\u275a\u275a\u275a.\u275a\u275a\u275a.\u275a\u275a\u275a-\u275a\u275a, lotada na Unidade de Inicia\u00e7\u00e3o Cient\u00edfica da Coordena\u00e7\u00e3o de\nInicia\u00e7\u00e3o Cient\u00edfica e Integra\u00e7\u00e3o Acad\u00eamica da Pr\u00f3-Reitoria de Pesquisa e\nP\u00f3s-Gradua\u00e7\u00e3o.<\/p>\n\n\n\n<p style=\"text-align:right\">Douglas\nOrtiz Hamermuller<\/p>\n","protected":false},"excerpt":{"rendered":"<p>Designar para exercer as atividades previstas nos Art. 15 e 20 da IN MP n\u00ba 03\/2015-SLTI\/MPOG, com suas respectivas atribui\u00e7\u00f5es no Sistema de Concess\u00e3o de Di\u00e1rias e Passagens do Governo Federal &#8211; SCDP, no \u00e2mbito da Pr\u00f3-Reitoria de Pesquisa e P\u00f3s-Gradua\u00e7\u00e3o, em complemento \u00e0 Portaria n\u00ba 2.235\/PROGEPE, de 28 de maio de 2019, a servidora GABRIELA DEBAS DOS SANTOS CLERISI &#8211; 2875359, CPF n\u00ba \u275a\u275a\u275a.\u275a\u275a\u275a.\u275a\u275a\u275a-\u275a\u275a, lotada na Unidade de Inicia\u00e7\u00e3o Cient\u00edfica da Coordena\u00e7\u00e3o de Inicia\u00e7\u00e3o Cient\u00edfica e Integra\u00e7\u00e3o Acad\u00eamica da Pr\u00f3-Reitoria de Pesquisa e P\u00f3s-Gradua\u00e7\u00e3o.  <!-- wp:paragraph {\"align\":\"right\"} \n\n<p style=\"text-align:right\">Douglas Ortiz Hamermuller\n<\/p>\n","protected":false},"author":49,"featured_media":0,"comment_status":"closed","ping_status":"closed","sticky":false,"template":"","format":"standard","meta":{"_acf_changed":false,"iawp_total_views":6,"footnotes":""},"categories":[116],"tags":[119],"class_list":["post-31221","post","type-post","status-publish","format-standard","hentry","category-progepe","tag-diversos"],"acf":[],"_links":{"self":[{"href":"https:\/\/progepe.ufpr.br\/portarias\/wp-json\/wp\/v2\/posts\/31221","targetHints":{"allow":["GET"]}}],"collection":[{"href":"https:\/\/progepe.ufpr.br\/portarias\/wp-json\/wp\/v2\/posts"}],"about":[{"href":"https:\/\/progepe.ufpr.br\/portarias\/wp-json\/wp\/v2\/types\/post"}],"author":[{"embeddable":true,"href":"https:\/\/progepe.ufpr.br\/portarias\/wp-json\/wp\/v2\/users\/49"}],"replies":[{"embeddable":true,"href":"https:\/\/progepe.ufpr.br\/portarias\/wp-json\/wp\/v2\/comments?post=31221"}],"version-history":[{"count":1,"href":"https:\/\/progepe.ufpr.br\/portarias\/wp-json\/wp\/v2\/posts\/31221\/revisions"}],"predecessor-version":[{"id":192808,"href":"https:\/\/progepe.ufpr.br\/portarias\/wp-json\/wp\/v2\/posts\/31221\/revisions\/192808"}],"wp:attachment":[{"href":"https:\/\/progepe.ufpr.br\/portarias\/wp-json\/wp\/v2\/media?parent=31221"}],"wp:term":[{"taxonomy":"category","embeddable":true,"href":"https:\/\/progepe.ufpr.br\/portarias\/wp-json\/wp\/v2\/categories?post=31221"},{"taxonomy":"post_tag","embeddable":true,"href":"https:\/\/progepe.ufpr.br\/portarias\/wp-json\/wp\/v2\/tags?post=31221"}],"curies":[{"name":"wp","href":"https:\/\/api.w.org\/{rel}","templated":true}]}}