{"id":31239,"date":"2020-02-10T10:01:00","date_gmt":"2020-02-10T13:01:00","guid":{"rendered":"http:\/\/progepe.ufpr.br\/portal\/?post_type=portarias&#038;p=31239"},"modified":"2023-08-03T12:53:30","modified_gmt":"2023-08-03T15:53:30","slug":"progepe-2020-00512","status":"publish","type":"post","link":"https:\/\/progepe.ufpr.br\/portarias\/progepe-2020-00512\/","title":{"rendered":"PORTARIA N\u00ba 00512\/PROGEPE, DE 10 DE FEVEREIRO DE 2020"},"content":{"rendered":"\n<p><strong>O Pr\u00f3-Reitor de Gest\u00e3o de Pessoas da Universidade Federal do Paran\u00e1,<\/strong>  no uso de suas atribui\u00e7\u00f5es, tendo em vista a compet\u00eancia que lhe \u00e9  conferida pela Portaria n\u00ba 2.590, de 26 de setembro de 1997; o que  consta no Art. 100 e 103 da Lei n\u00ba 8.112\/90 e ainda o contido no  processo n\u00ba 23075.006296\/2020-56, <\/p>\n\n\n\n<p>RESOLVE:<\/p>\n\n\n\n<p>Averbar, a partir de 04 de fevereiro de \n2020, em favor da servidora VANESSA DANIELLI MASSAMBANI &#8211; 2090089, \nocupante do cargo de Assistente em Administra\u00e7\u00e3o, lotada na Se\u00e7\u00e3o de \nControle e Execu\u00e7\u00e3o Or\u00e7ament\u00e1ria do Setor de Ci\u00eancias da Sa\u00fade, o tempo \nde servi\u00e7o abaixo listado, para fins de:<\/p>\n\n\n\n<p>Aposentadoria e disponibilidade:<\/p>\n\n\n\n<figure class=\"wp-block-table\"><table><tbody><tr><td>\n\t\t\tEMPRESA\n\t\t\t<\/td><td>\n\t\t\tPER\u00cdODO\n\t\t\t<\/td><td>\n\t\t\tTOTAL DE DIAS\n\t\t\t<\/td><\/tr><tr><td>\n\t\t\tVICTOR MARINS ADVOGADOS ASSOCIADOS\n\t\t\t<\/td><td>\n\t\t\t19\/12\/2006 a 15\/12\/2007\n\t\t\t<\/td><td>\n\t\t\t362\n\t\t\t<\/td><\/tr><tr><td>\n\t\t\tVICTOR MARINS ADVOGADOS ASSOCIADOS\n\t\t\t<\/td><td>\n\t\t\t01\/12\/2009 a 19\/11\/2011\n\t\t\t<\/td><td>\n\t\t\t719\n\t\t\t<\/td><\/tr><tr><td>\n\t\t\tPER. CONTR. CNIS 4\n\t\t\t<\/td><td>\n\t\t\t01\/12\/2011 a 31\/01\/2014\n\t\t\t<\/td><td>\n\t\t\t793<\/td><\/tr><\/tbody><\/table><\/figure>\n\n\n\n<p class=\"has-text-align-right\"><\/p>\n","protected":false},"excerpt":{"rendered":"<p>Averbar, a partir de 04 de fevereiro de 2020, em favor da servidora VANESSA DANIELLI MASSAMBANI &#8211; 2090089, ocupante do cargo de Assistente em Administra\u00e7\u00e3o, lotada na Se\u00e7\u00e3o de Controle e Execu\u00e7\u00e3o Or\u00e7ament\u00e1ria do Setor de Ci\u00eancias da Sa\u00fade, o tempo de servi\u00e7o abaixo listado, para fins de:  Aposentadoria e disponibilidade:  <!-- wp:table \n\n<figure class=\"wp-block-table\">\n\n<table>\n\n<tbody>\n\n<tr>\n\n<td>  EMPRESA  <\/td>\n\n\n\n<td>  PER\u00cdODO  <\/td>\n\n\n\n<td>  TOTAL DE DIAS  <\/td>\n\n<\/tr>\n\n\n\n<tr>\n\n<td>  VICTOR MARINS ADVOGADOS ASSOCIADOS  <\/td>\n\n\n\n<td>  19\/12\/2006 a 15\/12\/2007  <\/td>\n\n\n\n<td>  362  <\/td>\n\n<\/tr>\n\n\n\n<tr>\n\n<td>  VICTOR MARINS ADVOGADOS ASSOCIADOS  <\/td>\n\n\n\n<td>  01\/12\/2009 a\n<\/p>\n","protected":false},"author":48,"featured_media":0,"comment_status":"closed","ping_status":"open","sticky":false,"template":"","format":"standard","meta":{"_acf_changed":false,"iawp_total_views":1,"footnotes":""},"categories":[116],"tags":[140],"class_list":["post-31239","post","type-post","status-publish","format-standard","hentry","category-progepe","tag-averbacao-desaverbacao"],"acf":[],"_links":{"self":[{"href":"https:\/\/progepe.ufpr.br\/portarias\/wp-json\/wp\/v2\/posts\/31239","targetHints":{"allow":["GET"]}}],"collection":[{"href":"https:\/\/progepe.ufpr.br\/portarias\/wp-json\/wp\/v2\/posts"}],"about":[{"href":"https:\/\/progepe.ufpr.br\/portarias\/wp-json\/wp\/v2\/types\/post"}],"author":[{"embeddable":true,"href":"https:\/\/progepe.ufpr.br\/portarias\/wp-json\/wp\/v2\/users\/48"}],"replies":[{"embeddable":true,"href":"https:\/\/progepe.ufpr.br\/portarias\/wp-json\/wp\/v2\/comments?post=31239"}],"version-history":[{"count":3,"href":"https:\/\/progepe.ufpr.br\/portarias\/wp-json\/wp\/v2\/posts\/31239\/revisions"}],"predecessor-version":[{"id":124878,"href":"https:\/\/progepe.ufpr.br\/portarias\/wp-json\/wp\/v2\/posts\/31239\/revisions\/124878"}],"wp:attachment":[{"href":"https:\/\/progepe.ufpr.br\/portarias\/wp-json\/wp\/v2\/media?parent=31239"}],"wp:term":[{"taxonomy":"category","embeddable":true,"href":"https:\/\/progepe.ufpr.br\/portarias\/wp-json\/wp\/v2\/categories?post=31239"},{"taxonomy":"post_tag","embeddable":true,"href":"https:\/\/progepe.ufpr.br\/portarias\/wp-json\/wp\/v2\/tags?post=31239"}],"curies":[{"name":"wp","href":"https:\/\/api.w.org\/{rel}","templated":true}]}}