{"id":31248,"date":"2020-02-10T10:00:00","date_gmt":"2020-02-10T13:00:00","guid":{"rendered":"http:\/\/progepe.ufpr.br\/portal\/?post_type=portarias&#038;p=31248"},"modified":"2023-08-03T12:53:30","modified_gmt":"2023-08-03T15:53:30","slug":"progepe-2020-00511","status":"publish","type":"post","link":"https:\/\/progepe.ufpr.br\/portarias\/progepe-2020-00511\/","title":{"rendered":"PORTARIA N\u00ba 00511\/PROGEPE, DE 10 DE FEVEREIRO DE 2020"},"content":{"rendered":"\n<p><strong>O Pr\u00f3-Reitor de Gest\u00e3o de Pessoas da Universidade Federal do Paran\u00e1,<\/strong>  no uso de suas atribui\u00e7\u00f5es, tendo em vista a compet\u00eancia que lhe \u00e9  conferida pela Portaria n\u00ba 2.590, de 26 de setembro de 1997,  considerando o que consta no Artigo 98 da Lei n\u00ba 8.112\/90 e ainda o  contido no processo n\u00ba 23075.006077\/2020-77, <\/p>\n\n\n\n<p>RESOLVE:<\/p>\n\n\n\n<p> Conceder hor\u00e1rio especial para servidor estudante, no per\u00edodo de  02.03.2020 a 11.07.2020, ao servidor ANTONIO SANTANA SODRE &#8211; 3013094,  ocupante do cargo de T\u00e9cnico em Agropecu\u00e1ria, lotado na Fazenda Canguiri  do Setor de Ci\u00eancias Agr\u00e1rias, ficando sob a responsabilidade da Chefia  imediata o cumprimento da jornada de trabalho do citado servidor. <\/p>\n\n\n\n<p style=\"text-align:right\"><strong>DOUGLAS ORTIZ HAMERMULLER<\/strong><\/p>\n","protected":false},"excerpt":{"rendered":"<p>Conceder hor\u00e1rio especial para servidor estudante, no per\u00edodo de 02.03.2020 a 11.07.2020, ao servidor ANTONIO SANTANA SODRE &#8211; 3013094, ocupante do cargo de T\u00e9cnico em Agropecu\u00e1ria, lotado na Fazenda Canguiri do Setor de Ci\u00eancias Agr\u00e1rias, ficando sob a responsabilidade da Chefia imediata o cumprimento da jornada de trabalho do citado servidor.  <!-- wp:paragraph {\"align\":\"right\"} \n\n<p style=\"text-align:right\"><strong>DOUGLAS ORTIZ HAMERMULLER<\/strong>\n<\/p>\n","protected":false},"author":48,"featured_media":0,"comment_status":"closed","ping_status":"closed","sticky":false,"template":"","format":"standard","meta":{"_acf_changed":false,"iawp_total_views":1,"footnotes":""},"categories":[116],"tags":[137],"class_list":["post-31248","post","type-post","status-publish","format-standard","hentry","category-progepe","tag-horario-especial"],"acf":[],"_links":{"self":[{"href":"https:\/\/progepe.ufpr.br\/portarias\/wp-json\/wp\/v2\/posts\/31248","targetHints":{"allow":["GET"]}}],"collection":[{"href":"https:\/\/progepe.ufpr.br\/portarias\/wp-json\/wp\/v2\/posts"}],"about":[{"href":"https:\/\/progepe.ufpr.br\/portarias\/wp-json\/wp\/v2\/types\/post"}],"author":[{"embeddable":true,"href":"https:\/\/progepe.ufpr.br\/portarias\/wp-json\/wp\/v2\/users\/48"}],"replies":[{"embeddable":true,"href":"https:\/\/progepe.ufpr.br\/portarias\/wp-json\/wp\/v2\/comments?post=31248"}],"version-history":[{"count":1,"href":"https:\/\/progepe.ufpr.br\/portarias\/wp-json\/wp\/v2\/posts\/31248\/revisions"}],"predecessor-version":[{"id":192810,"href":"https:\/\/progepe.ufpr.br\/portarias\/wp-json\/wp\/v2\/posts\/31248\/revisions\/192810"}],"wp:attachment":[{"href":"https:\/\/progepe.ufpr.br\/portarias\/wp-json\/wp\/v2\/media?parent=31248"}],"wp:term":[{"taxonomy":"category","embeddable":true,"href":"https:\/\/progepe.ufpr.br\/portarias\/wp-json\/wp\/v2\/categories?post=31248"},{"taxonomy":"post_tag","embeddable":true,"href":"https:\/\/progepe.ufpr.br\/portarias\/wp-json\/wp\/v2\/tags?post=31248"}],"curies":[{"name":"wp","href":"https:\/\/api.w.org\/{rel}","templated":true}]}}