{"id":31272,"date":"2020-02-10T05:00:00","date_gmt":"2020-02-10T08:00:00","guid":{"rendered":"http:\/\/progepe.ufpr.br\/portal\/?post_type=portarias&#038;p=31272"},"modified":"2023-08-03T13:18:13","modified_gmt":"2023-08-03T16:18:13","slug":"rt-2020-00398","status":"publish","type":"post","link":"https:\/\/progepe.ufpr.br\/portarias\/rt-2020-00398\/","title":{"rendered":"PORTARIA N\u00ba 00398\/REITORIA, DE 10 DE FEVEREIRO DE 2020"},"content":{"rendered":"\n<p><strong>A Vice-Reitora da Universidade\nFederal do Paran\u00e1, no exerc\u00edcio do cargo de Reitora, <\/strong>no uso de suas atribui\u00e7\u00f5es e tendo em vista o que\nconsta no processo n\u00ba 23075.006331\/2020-37,<\/p>\n\n\n\n<p>RESOLVE:<\/p>\n\n\n\n<p>I. Designar, tendo em vista o que consta na\nResolu\u00e7\u00e3o n\u00ba 07\/2011-COPLAD, para compor a Comiss\u00e3o Permanente de Avalia\u00e7\u00e3o de\nDocumentos &#8211; CPAD da Universidade Federal do Paran\u00e1, os seguintes integrantes:<\/p>\n\n\n\n<p><strong>Titulares:<\/strong><\/p>\n\n\n\n<p>ELIANE\nDE OLIVEIRA DIAS &#8211; 1455659<\/p>\n\n\n\n<p>DENISE\nREGINA ZANATTA COSTA &#8211; 1651509<\/p>\n\n\n\n<p>PETRA\nLAUS HENNING &#8211; 1086798<\/p>\n\n\n\n<p>ANGELICA\nDO CARMO COITINHO &#8211; 3081786<\/p>\n\n\n\n<p>CYNARA\nCRISTIANE DE CASTRO &#8211; 1655042<\/p>\n\n\n\n<p>ISRAEL\nGREGORIO &#8211; 1138466<\/p>\n\n\n\n<p>JO\u00c3O\nPAULO DE AGUIAR JANUARIO &#8211; 1680182<\/p>\n\n\n\n<p><strong>Suplentes:<\/strong><\/p>\n\n\n\n<p>REGINA\nCELIA DE LIMA &#8211; 2035306<\/p>\n\n\n\n<p>LUCIANO\nMARCIO DE ANDRADE &#8211; 1170415<\/p>\n\n\n\n<p>JANE\nVALERIA PEREIRA &#8211; 1651463<\/p>\n\n\n\n<p>GILSON\nPAIVA DA SILVA &#8211; 1908942<\/p>\n\n\n\n<p>KATIA\nDE FATIMA DOS SANTOS &#8211; 1211748<\/p>\n\n\n\n<p>RENALDO\nKILOSHI IWASA &#8211; 342340<\/p>\n\n\n\n<p>VALDECI RODRIGUES DA SILVA &#8211; 1348287 <\/p>\n\n\n\n<p>II. Esta Portaria cessa os efeitos da Portaria n\u00ba 1.677\/REITORIA, de 08 de abril de 2015. <\/p>\n","protected":false},"excerpt":{"rendered":"<p>I. Designar, tendo em vista o que consta na Resolu\u00e7\u00e3o n\u00ba 07\/2011-COPLAD, para compor a Comiss\u00e3o Permanente de Avalia\u00e7\u00e3o de Documentos &#8211; CPAD da Universidade Federal do Paran\u00e1, os seguintes integrantes:  <strong>Titulares:<\/strong>  ELIANE DE OLIVEIRA DIAS &#8211; 1455659  DENISE REGINA ZANATTA COSTA &#8211; 1651509  PETRA LAUS HENNING &#8211; 1086798  ANGELICA DO CARMO COITINHO &#8211; 3081786  CYNARA CRISTIANE DE CASTRO &#8211; 1655042  ISRAEL GREGORIO &#8211; 1138466  JO\u00c3O PAULO DE AGUIAR JANUARIO &#8211; 1680182  <strong>Suplentes:<\/strong>  REGINA CELIA DE LIMA &#8211; 2035306  LUCIANO MARCIO DE ANDRADE &#8211; 1170415  JANE<\/p>\n","protected":false},"author":49,"featured_media":0,"comment_status":"closed","ping_status":"open","sticky":false,"template":"","format":"standard","meta":{"_acf_changed":false,"iawp_total_views":11,"footnotes":""},"categories":[117],"tags":[124],"class_list":["post-31272","post","type-post","status-publish","format-standard","hentry","category-rt","tag-comissao"],"acf":[],"_links":{"self":[{"href":"https:\/\/progepe.ufpr.br\/portarias\/wp-json\/wp\/v2\/posts\/31272","targetHints":{"allow":["GET"]}}],"collection":[{"href":"https:\/\/progepe.ufpr.br\/portarias\/wp-json\/wp\/v2\/posts"}],"about":[{"href":"https:\/\/progepe.ufpr.br\/portarias\/wp-json\/wp\/v2\/types\/post"}],"author":[{"embeddable":true,"href":"https:\/\/progepe.ufpr.br\/portarias\/wp-json\/wp\/v2\/users\/49"}],"replies":[{"embeddable":true,"href":"https:\/\/progepe.ufpr.br\/portarias\/wp-json\/wp\/v2\/comments?post=31272"}],"version-history":[{"count":6,"href":"https:\/\/progepe.ufpr.br\/portarias\/wp-json\/wp\/v2\/posts\/31272\/revisions"}],"predecessor-version":[{"id":124879,"href":"https:\/\/progepe.ufpr.br\/portarias\/wp-json\/wp\/v2\/posts\/31272\/revisions\/124879"}],"wp:attachment":[{"href":"https:\/\/progepe.ufpr.br\/portarias\/wp-json\/wp\/v2\/media?parent=31272"}],"wp:term":[{"taxonomy":"category","embeddable":true,"href":"https:\/\/progepe.ufpr.br\/portarias\/wp-json\/wp\/v2\/categories?post=31272"},{"taxonomy":"post_tag","embeddable":true,"href":"https:\/\/progepe.ufpr.br\/portarias\/wp-json\/wp\/v2\/tags?post=31272"}],"curies":[{"name":"wp","href":"https:\/\/api.w.org\/{rel}","templated":true}]}}