{"id":31281,"date":"2020-02-10T05:01:00","date_gmt":"2020-02-10T08:01:00","guid":{"rendered":"http:\/\/progepe.ufpr.br\/portal\/?post_type=portarias&#038;p=31281"},"modified":"2023-08-03T13:18:13","modified_gmt":"2023-08-03T16:18:13","slug":"rt-2020-00399","status":"publish","type":"post","link":"https:\/\/progepe.ufpr.br\/portarias\/rt-2020-00399\/","title":{"rendered":"PORTARIA N\u00ba 00399\/REITORIA, DE 10 DE FEVEREIRO DE 2020"},"content":{"rendered":"\n<p><strong>A Vice-Reitora da Universidade Federal do Paran\u00e1, no exerc\u00edcio do cargo\nde Reitora, <\/strong>no uso de suas atribui\u00e7\u00f5es e tendo em vista o que consta\nno processo n\u00ba 23075.065107\/2019-43,<\/p>\n\n\n\n<p>RESOLVE:<\/p>\n\n\n\n<p>Designar a servidora MARIA APARECIDA ZEHNPFENNIG ZANETTI &#8211; 342707, Professora do Magist\u00e9rio Superior, lotada no Departamento de Geom\u00e1tica do Setor de Ci\u00eancias da Terra, para integrar a comiss\u00e3o especial que trata das avalia\u00e7\u00f5es para a Classe de Professor Associado e Titular, institu\u00edda pela Portaria n\u00ba 1.230\/REITORIA, de 13 de dezembro de 2019.<\/p>\n","protected":false},"excerpt":{"rendered":"<p>Designar a servidora MARIA APARECIDA ZEHNPFENNIG ZANETTI &#8211; 342707, Professora do Magist\u00e9rio Superior, lotada no Departamento de Geom\u00e1tica do Setor de Ci\u00eancias da Terra, para integrar a comiss\u00e3o especial que trata das avalia\u00e7\u00f5es para a Classe de Professor Associado e Titular, institu\u00edda pela Portaria n\u00ba 1.230\/REITORIA, de 13 de dezembro de 2019.<\/p>\n","protected":false},"author":49,"featured_media":0,"comment_status":"closed","ping_status":"open","sticky":false,"template":"","format":"standard","meta":{"_acf_changed":false,"iawp_total_views":0,"footnotes":""},"categories":[117],"tags":[124],"class_list":["post-31281","post","type-post","status-publish","format-standard","hentry","category-rt","tag-comissao"],"acf":[],"_links":{"self":[{"href":"https:\/\/progepe.ufpr.br\/portarias\/wp-json\/wp\/v2\/posts\/31281","targetHints":{"allow":["GET"]}}],"collection":[{"href":"https:\/\/progepe.ufpr.br\/portarias\/wp-json\/wp\/v2\/posts"}],"about":[{"href":"https:\/\/progepe.ufpr.br\/portarias\/wp-json\/wp\/v2\/types\/post"}],"author":[{"embeddable":true,"href":"https:\/\/progepe.ufpr.br\/portarias\/wp-json\/wp\/v2\/users\/49"}],"replies":[{"embeddable":true,"href":"https:\/\/progepe.ufpr.br\/portarias\/wp-json\/wp\/v2\/comments?post=31281"}],"version-history":[{"count":3,"href":"https:\/\/progepe.ufpr.br\/portarias\/wp-json\/wp\/v2\/posts\/31281\/revisions"}],"predecessor-version":[{"id":124880,"href":"https:\/\/progepe.ufpr.br\/portarias\/wp-json\/wp\/v2\/posts\/31281\/revisions\/124880"}],"wp:attachment":[{"href":"https:\/\/progepe.ufpr.br\/portarias\/wp-json\/wp\/v2\/media?parent=31281"}],"wp:term":[{"taxonomy":"category","embeddable":true,"href":"https:\/\/progepe.ufpr.br\/portarias\/wp-json\/wp\/v2\/categories?post=31281"},{"taxonomy":"post_tag","embeddable":true,"href":"https:\/\/progepe.ufpr.br\/portarias\/wp-json\/wp\/v2\/tags?post=31281"}],"curies":[{"name":"wp","href":"https:\/\/api.w.org\/{rel}","templated":true}]}}