{"id":31953,"date":"2020-02-13T10:27:00","date_gmt":"2020-02-13T13:27:00","guid":{"rendered":"http:\/\/progepe.ufpr.br\/portal\/?post_type=portarias&#038;p=31953"},"modified":"2023-08-03T12:53:36","modified_gmt":"2023-08-03T15:53:36","slug":"progepe-2020-00557","status":"publish","type":"post","link":"https:\/\/progepe.ufpr.br\/portarias\/progepe-2020-00557\/","title":{"rendered":"PORTARIA N\u00ba 00557\/PROGEPE, DE 13 DE FEVEREIRO DE 2020"},"content":{"rendered":"\n<p><strong>O Pr\u00f3-Reitor de Gest\u00e3o de Pessoas da Universidade Federal do Paran\u00e1,<\/strong> no uso de\nsuas atribui\u00e7\u00f5es, tendo em vista a compet\u00eancia que lhe \u00e9 conferida pela\nPortaria n\u00ba 2.590, de 26 de setembro de 1997 e considerando o que consta no\nprocesso n\u00ba 23075.067141\/2019-52,<\/p>\n\n\n\n<p>RESOLVE: Autorizar, a partir de 07 de janeiro de 2020, a lota\u00e7\u00e3o de exerc\u00edcio do servidor MARCELO GON\u00c7ALVES MONTES D\u2019OCA &#8211; 1348408, ocupante do cargo de Professor do Magist\u00e9rio Superior, redistribu\u00eddo da Funda\u00e7\u00e3o Universidade Federal do Rio Grande para a Universidade Federal do Paran\u00e1, no Departamento de Qu\u00edmica do Setor de Ci\u00eancias Exatas.<\/p>\n\n\n\n<p style=\"text-align:right\">Douglas Ortiz Hamermuller <\/p>\n","protected":false},"excerpt":{"rendered":"<p>O Pr\u00f3-Reitor de Gest\u00e3o de Pessoas da Universidade Federal do Paran\u00e1, no uso de suas atribui\u00e7\u00f5es, tendo em vista a compet\u00eancia que lhe \u00e9 conferida pela Portaria n\u00ba 2.590, de 26 de setembro de 1997 e considerando o que consta no processo n\u00ba 23075.067141\/2019-52, RESOLVE: Autorizar, a partir de 07 de janeiro de 2020, a [&hellip;]<\/p>\n","protected":false},"author":49,"featured_media":0,"comment_status":"closed","ping_status":"closed","sticky":false,"template":"","format":"standard","meta":{"_acf_changed":false,"iawp_total_views":0,"footnotes":""},"categories":[116],"tags":[146],"class_list":["post-31953","post","type-post","status-publish","format-standard","hentry","category-progepe","tag-localizacao"],"acf":[],"_links":{"self":[{"href":"https:\/\/progepe.ufpr.br\/portarias\/wp-json\/wp\/v2\/posts\/31953","targetHints":{"allow":["GET"]}}],"collection":[{"href":"https:\/\/progepe.ufpr.br\/portarias\/wp-json\/wp\/v2\/posts"}],"about":[{"href":"https:\/\/progepe.ufpr.br\/portarias\/wp-json\/wp\/v2\/types\/post"}],"author":[{"embeddable":true,"href":"https:\/\/progepe.ufpr.br\/portarias\/wp-json\/wp\/v2\/users\/49"}],"replies":[{"embeddable":true,"href":"https:\/\/progepe.ufpr.br\/portarias\/wp-json\/wp\/v2\/comments?post=31953"}],"version-history":[{"count":1,"href":"https:\/\/progepe.ufpr.br\/portarias\/wp-json\/wp\/v2\/posts\/31953\/revisions"}],"predecessor-version":[{"id":192880,"href":"https:\/\/progepe.ufpr.br\/portarias\/wp-json\/wp\/v2\/posts\/31953\/revisions\/192880"}],"wp:attachment":[{"href":"https:\/\/progepe.ufpr.br\/portarias\/wp-json\/wp\/v2\/media?parent=31953"}],"wp:term":[{"taxonomy":"category","embeddable":true,"href":"https:\/\/progepe.ufpr.br\/portarias\/wp-json\/wp\/v2\/categories?post=31953"},{"taxonomy":"post_tag","embeddable":true,"href":"https:\/\/progepe.ufpr.br\/portarias\/wp-json\/wp\/v2\/tags?post=31953"}],"curies":[{"name":"wp","href":"https:\/\/api.w.org\/{rel}","templated":true}]}}