{"id":32013,"date":"2020-02-13T10:25:00","date_gmt":"2020-02-13T13:25:00","guid":{"rendered":"http:\/\/progepe.ufpr.br\/portal\/?post_type=portarias&#038;p=32013"},"modified":"2023-08-03T12:53:36","modified_gmt":"2023-08-03T15:53:36","slug":"progepe-2020-00555","status":"publish","type":"post","link":"https:\/\/progepe.ufpr.br\/portarias\/progepe-2020-00555\/","title":{"rendered":"PORTARIA N\u00ba 00555\/PROGEPE, DE 13 DE FEVEREIRO DE 2020"},"content":{"rendered":"\n<p> <strong>O Pr\u00f3-Reitor de Gest\u00e3o de Pessoas da Universidade Federal do Paran\u00e1, <\/strong>no uso de suas atribui\u00e7\u00f5es, tendo em vista a compet\u00eancia que lhe \u00e9 conferida pela Portaria n\u00ba 2.590, de 26 de setembro de 1997 e considerando o que consta no processo n\u00ba 23075.708806\/2018-17,<\/p>\n\n\n\n<p>RESOLVE:<\/p>\n\n\n\n<p>\nI.\nAutorizar, a partir de 02 de dezembro de 2019, a movimenta\u00e7\u00e3o da\nservidora LENICE VIANA GOTARDO \u2013 1979409, ocupante do cargo de\nAuxiliar de Enfermagem, para o\nServi\u00e7o M\u00e9todos Neurol\u00f3gicos do Hospital de Cl\u00ednicas.<\/p>\n\n\n\n<p>  II. Excluir, a partir da mesma data, o adicional de insalubridade concedido \u00e0 citada servidora.<\/p>\n\n\n\n<p style=\"text-align:right\"> Douglas Ortiz Hamermuller<\/p>\n","protected":false},"excerpt":{"rendered":"<p>I. Autorizar, a partir de 02 de dezembro de 2019, a movimenta\u00e7\u00e3o da servidora LENICE VIANA GOTARDO \u2013 1979409, ocupante do cargo de Auxiliar de Enfermagem, para o Servi\u00e7o M\u00e9todos Neurol\u00f3gicos do Hospital de Cl\u00ednicas.   II. Excluir, a partir da mesma data, o adicional de insalubridade concedido \u00e0 citada servidora.  <!-- wp:paragraph {\"align\":\"right\"} \n\n<p style=\"text-align:right\"> Douglas Ortiz Hamermuller\n<\/p>\n","protected":false},"author":48,"featured_media":0,"comment_status":"closed","ping_status":"closed","sticky":false,"template":"","format":"standard","meta":{"_acf_changed":false,"iawp_total_views":0,"footnotes":""},"categories":[116],"tags":[135],"class_list":["post-32013","post","type-post","status-publish","format-standard","hentry","category-progepe","tag-remocao"],"acf":[],"_links":{"self":[{"href":"https:\/\/progepe.ufpr.br\/portarias\/wp-json\/wp\/v2\/posts\/32013","targetHints":{"allow":["GET"]}}],"collection":[{"href":"https:\/\/progepe.ufpr.br\/portarias\/wp-json\/wp\/v2\/posts"}],"about":[{"href":"https:\/\/progepe.ufpr.br\/portarias\/wp-json\/wp\/v2\/types\/post"}],"author":[{"embeddable":true,"href":"https:\/\/progepe.ufpr.br\/portarias\/wp-json\/wp\/v2\/users\/48"}],"replies":[{"embeddable":true,"href":"https:\/\/progepe.ufpr.br\/portarias\/wp-json\/wp\/v2\/comments?post=32013"}],"version-history":[{"count":1,"href":"https:\/\/progepe.ufpr.br\/portarias\/wp-json\/wp\/v2\/posts\/32013\/revisions"}],"predecessor-version":[{"id":192884,"href":"https:\/\/progepe.ufpr.br\/portarias\/wp-json\/wp\/v2\/posts\/32013\/revisions\/192884"}],"wp:attachment":[{"href":"https:\/\/progepe.ufpr.br\/portarias\/wp-json\/wp\/v2\/media?parent=32013"}],"wp:term":[{"taxonomy":"category","embeddable":true,"href":"https:\/\/progepe.ufpr.br\/portarias\/wp-json\/wp\/v2\/categories?post=32013"},{"taxonomy":"post_tag","embeddable":true,"href":"https:\/\/progepe.ufpr.br\/portarias\/wp-json\/wp\/v2\/tags?post=32013"}],"curies":[{"name":"wp","href":"https:\/\/api.w.org\/{rel}","templated":true}]}}