{"id":32022,"date":"2020-02-13T10:26:00","date_gmt":"2020-02-13T13:26:00","guid":{"rendered":"http:\/\/progepe.ufpr.br\/portal\/?post_type=portarias&#038;p=32022"},"modified":"2023-08-03T12:53:36","modified_gmt":"2023-08-03T15:53:36","slug":"progepe-2020-00556","status":"publish","type":"post","link":"https:\/\/progepe.ufpr.br\/portarias\/progepe-2020-00556\/","title":{"rendered":"PORTARIA N\u00ba 00556\/PROGEPE, DE 13 DE FEVEREIRO DE 2020"},"content":{"rendered":"\n<p> <strong>O Pr\u00f3-Reitor de Gest\u00e3o de Pessoas da Universidade                                Federal do Paran\u00e1,<\/strong> no uso de suas atribui\u00e7\u00f5es, tendo em vista a compet\u00eancia que lhe \u00e9 conferida pela Portaria n\u00ba 2.590, de 26 de setembro de 1997 e ainda o contido no processo n\u00ba 23075.080823\/2015-27,<\/p>\n\n\n\n<p>RESOLVE:<\/p>\n\n\n\n<p> Retificar o item II da Portaria n\u00ba 12.535\/PROGEPE, de 21 de julho de 2015, que averbou tempo de servi\u00e7o em favor da servidora BERENICE MARIA TASCA \u2013 1202703, ocupante do cargo de Nutricionista Habilita\u00e7\u00e3o, lotada na Unidade de Nutri\u00e7\u00e3o e Diet\u00e9tica do Hospital de Cl\u00ednicas:  <\/p>\n\n\n\n<p> Onde se l\u00ea:&#8230;para fins de aposentadoria, aposentadoria especial, gratifica\u00e7\u00e3o adicional, licen\u00e7a especial e disponibilidade&#8230;  <\/p>\n\n\n\n<p> Leia-se:&#8230;para fins de aposentadoria e disponibilidade&#8230;  <\/p>\n\n\n\n<p style=\"text-align:right\"> Douglas Ortiz Hamermuller<\/p>\n","protected":false},"excerpt":{"rendered":"<p>Retificar o item II da Portaria n\u00ba 12.535\/PROGEPE, de 21 de julho de 2015, que averbou tempo de servi\u00e7o em favor da servidora BERENICE MARIA TASCA \u2013 1202703, ocupante do cargo de Nutricionista Habilita\u00e7\u00e3o, lotada na Unidade de Nutri\u00e7\u00e3o e Diet\u00e9tica do Hospital de Cl\u00ednicas:    Onde se l\u00ea:&#8230;para fins de aposentadoria, aposentadoria especial, gratifica\u00e7\u00e3o adicional, licen\u00e7a especial e disponibilidade&#8230;    Leia-se:&#8230;para fins de aposentadoria e disponibilidade&#8230;   <!-- wp:paragraph {\"align\":\"right\"} \n\n<p style=\"text-align:right\"> Douglas Ortiz Hamermuller\n<\/p>\n","protected":false},"author":48,"featured_media":0,"comment_status":"closed","ping_status":"closed","sticky":false,"template":"","format":"standard","meta":{"_acf_changed":false,"iawp_total_views":0,"footnotes":""},"categories":[116],"tags":[140],"class_list":["post-32022","post","type-post","status-publish","format-standard","hentry","category-progepe","tag-averbacao-desaverbacao"],"acf":[],"_links":{"self":[{"href":"https:\/\/progepe.ufpr.br\/portarias\/wp-json\/wp\/v2\/posts\/32022","targetHints":{"allow":["GET"]}}],"collection":[{"href":"https:\/\/progepe.ufpr.br\/portarias\/wp-json\/wp\/v2\/posts"}],"about":[{"href":"https:\/\/progepe.ufpr.br\/portarias\/wp-json\/wp\/v2\/types\/post"}],"author":[{"embeddable":true,"href":"https:\/\/progepe.ufpr.br\/portarias\/wp-json\/wp\/v2\/users\/48"}],"replies":[{"embeddable":true,"href":"https:\/\/progepe.ufpr.br\/portarias\/wp-json\/wp\/v2\/comments?post=32022"}],"version-history":[{"count":1,"href":"https:\/\/progepe.ufpr.br\/portarias\/wp-json\/wp\/v2\/posts\/32022\/revisions"}],"predecessor-version":[{"id":192885,"href":"https:\/\/progepe.ufpr.br\/portarias\/wp-json\/wp\/v2\/posts\/32022\/revisions\/192885"}],"wp:attachment":[{"href":"https:\/\/progepe.ufpr.br\/portarias\/wp-json\/wp\/v2\/media?parent=32022"}],"wp:term":[{"taxonomy":"category","embeddable":true,"href":"https:\/\/progepe.ufpr.br\/portarias\/wp-json\/wp\/v2\/categories?post=32022"},{"taxonomy":"post_tag","embeddable":true,"href":"https:\/\/progepe.ufpr.br\/portarias\/wp-json\/wp\/v2\/tags?post=32022"}],"curies":[{"name":"wp","href":"https:\/\/api.w.org\/{rel}","templated":true}]}}