{"id":32064,"date":"2020-02-19T05:18:00","date_gmt":"2020-02-19T08:18:00","guid":{"rendered":"http:\/\/progepe.ufpr.br\/portal\/?post_type=portarias&#038;p=32064"},"modified":"2023-08-03T13:18:29","modified_gmt":"2023-08-03T16:18:29","slug":"rt-2020-00515","status":"publish","type":"post","link":"https:\/\/progepe.ufpr.br\/portarias\/rt-2020-00515\/","title":{"rendered":"PORTARIA N\u00ba 00515\/REITORIA, DE 19 DE FEVEREIRO DE 2020"},"content":{"rendered":"\n<p><strong>A Vice-Reitora da Universidade Federal do Paran\u00e1, no exerc\u00edcio do cargo de Reitora,\u00a0<\/strong>no  uso de suas atribui\u00e7\u00f5es considerando o que consta no artigo 9\u00ba, inciso  II da Lei n\u00ba 8.112\/90 e tendo em vista o que consta no processo n\u00ba  23075.010924\/2020-06, <\/p>\n\n\n\n<p>RESOLVE:<\/p>\n\n\n\n<p>I. Alterar a Portaria n\u00ba 1032\/PROGEPE, de \n11 de mar\u00e7o de 2019, publicada no Di\u00e1rio Oficial da Uni\u00e3o de&nbsp;14 de mar\u00e7o\n de 2019, se\u00e7\u00e3o 2, p\u00e1g. 36, referente \u00e0 nomea\u00e7\u00e3o da servidora LUCIANE \nMIALIK WAGNITZ LINCZUK&nbsp;&#8211; 1257070, na fun\u00e7\u00e3o de Coordenadora, FG-01, da \nCoordena\u00e7\u00e3o de An\u00e1lise de Gest\u00e3o da Auditoria Interna,&nbsp;para fazer \nconstar que, a partir da data de publica\u00e7\u00e3o em DOU desta Portaria, a\n referida fun\u00e7\u00e3o&nbsp; gratificada passa a denominar-se Chefe da Unidade de \nExecu\u00e7\u00e3o de Auditorias Operacionais, FG-01, da Auditoria Interna.<\/p>\n\n\n\n<p>II. Assim que for exonerada da citada fun\u00e7\u00e3o, a lota\u00e7\u00e3o de exerc\u00edcio da servidora volta a ser a Auditoria Interna.<\/p>\n\n\n\n<p style=\"text-align:right\"><strong>GRACIELA INES BOLZON DE MUNIZ<\/strong><\/p>\n","protected":false},"excerpt":{"rendered":"<p>I. Alterar a Portaria n\u00ba 1032\/PROGEPE, de 11 de mar\u00e7o de 2019, publicada no Di\u00e1rio Oficial da Uni\u00e3o de&nbsp;14 de mar\u00e7o de 2019, se\u00e7\u00e3o 2, p\u00e1g. 36, referente \u00e0 nomea\u00e7\u00e3o da servidora LUCIANE MIALIK WAGNITZ LINCZUK&nbsp;&#8211; 1257070, na fun\u00e7\u00e3o de Coordenadora, FG-01, da Coordena\u00e7\u00e3o de An\u00e1lise de Gest\u00e3o da Auditoria Interna,&nbsp;para fazer constar que, a partir da data de publica\u00e7\u00e3o em DOU desta Portaria, a referida fun\u00e7\u00e3o&nbsp; gratificada passa a denominar-se Chefe da Unidade de Execu\u00e7\u00e3o de Auditorias Operacionais, FG-01, da Auditoria Interna.  II. Assim que for exonerada da citada fun\u00e7\u00e3o, a lota\u00e7\u00e3o de exerc\u00edcio da servidora<\/p>\n","protected":false},"author":48,"featured_media":0,"comment_status":"closed","ping_status":"closed","sticky":false,"template":"","format":"standard","meta":{"_acf_changed":false,"iawp_total_views":1,"footnotes":""},"categories":[117],"tags":[120],"class_list":["post-32064","post","type-post","status-publish","format-standard","hentry","category-rt","tag-funcao"],"acf":[],"_links":{"self":[{"href":"https:\/\/progepe.ufpr.br\/portarias\/wp-json\/wp\/v2\/posts\/32064","targetHints":{"allow":["GET"]}}],"collection":[{"href":"https:\/\/progepe.ufpr.br\/portarias\/wp-json\/wp\/v2\/posts"}],"about":[{"href":"https:\/\/progepe.ufpr.br\/portarias\/wp-json\/wp\/v2\/types\/post"}],"author":[{"embeddable":true,"href":"https:\/\/progepe.ufpr.br\/portarias\/wp-json\/wp\/v2\/users\/48"}],"replies":[{"embeddable":true,"href":"https:\/\/progepe.ufpr.br\/portarias\/wp-json\/wp\/v2\/comments?post=32064"}],"version-history":[{"count":1,"href":"https:\/\/progepe.ufpr.br\/portarias\/wp-json\/wp\/v2\/posts\/32064\/revisions"}],"predecessor-version":[{"id":192886,"href":"https:\/\/progepe.ufpr.br\/portarias\/wp-json\/wp\/v2\/posts\/32064\/revisions\/192886"}],"wp:attachment":[{"href":"https:\/\/progepe.ufpr.br\/portarias\/wp-json\/wp\/v2\/media?parent=32064"}],"wp:term":[{"taxonomy":"category","embeddable":true,"href":"https:\/\/progepe.ufpr.br\/portarias\/wp-json\/wp\/v2\/categories?post=32064"},{"taxonomy":"post_tag","embeddable":true,"href":"https:\/\/progepe.ufpr.br\/portarias\/wp-json\/wp\/v2\/tags?post=32064"}],"curies":[{"name":"wp","href":"https:\/\/api.w.org\/{rel}","templated":true}]}}