{"id":32082,"date":"2020-02-19T05:20:00","date_gmt":"2020-02-19T08:20:00","guid":{"rendered":"http:\/\/progepe.ufpr.br\/portal\/?post_type=portarias&#038;p=32082"},"modified":"2023-08-03T13:18:30","modified_gmt":"2023-08-03T16:18:30","slug":"rt-2020-00517","status":"publish","type":"post","link":"https:\/\/progepe.ufpr.br\/portarias\/rt-2020-00517\/","title":{"rendered":"PORTARIA N\u00ba 00517\/REITORIA, DE 19 DE FEVEREIRO DE 2020"},"content":{"rendered":"\n<p><strong>A Vice-Reitora da Universidade Federal do Paran\u00e1, no exerc\u00edcio do cargo de Reitora,\u00a0<\/strong>no  uso de suas atribui\u00e7\u00f5es considerando o que consta no artigo 9\u00ba, inciso  II da Lei n\u00ba 8.112\/90 e tendo em vista o que consta no processo n\u00ba  23075.010924\/2020-06, <\/p>\n\n\n\n<p>RESOLVE:<\/p>\n\n\n\n<p> Alterar a Portaria n\u00ba 819\/PROGEPE, de 26 de fevereiro de 2018, publicada  no Di\u00e1rio Oficial da Uni\u00e3o de\u00a028 de fevereiro de 2018, se\u00e7\u00e3o 2, p\u00e1g.  29, referente \u00e0 nomea\u00e7\u00e3o da servidora JOYCE KIMIE KUROSAWA\u00a0&#8211; 2996567, na  fun\u00e7\u00e3o de Secret\u00e1ria, FG-03, da Auditoria Interna,\u00a0para fazer constar  que, a partir da data de publica\u00e7\u00e3o em DOU desta Portaria, a referida fun\u00e7\u00e3o\u00a0 gratificada passa a denominar-se Chefe da Se\u00e7\u00e3o de Apoio Administrativo, FG-03, da Auditoria Interna. <\/p>\n\n\n\n<p style=\"text-align:right\"><strong>GRACIELA INES BOLZON DE MUNIZ<\/strong><\/p>\n","protected":false},"excerpt":{"rendered":"<p>Alterar a Portaria n\u00ba 819\/PROGEPE, de 26 de fevereiro de 2018, publicada no Di\u00e1rio Oficial da Uni\u00e3o de\u00a028 de fevereiro de 2018, se\u00e7\u00e3o 2, p\u00e1g. 29, referente \u00e0 nomea\u00e7\u00e3o da servidora JOYCE KIMIE KUROSAWA\u00a0&#8211; 2996567, na fun\u00e7\u00e3o de Secret\u00e1ria, FG-03, da Auditoria Interna,\u00a0para fazer constar que, a partir da data de publica\u00e7\u00e3o em DOU desta Portaria, a referida fun\u00e7\u00e3o\u00a0 gratificada passa a denominar-se Chefe da Se\u00e7\u00e3o de Apoio Administrativo, FG-03, da Auditoria Interna.  <!-- wp:paragraph {\"align\":\"right\"} \n\n<p style=\"text-align:right\"><strong>GRACIELA INES BOLZON DE MUNIZ<\/strong>\n<\/p>\n","protected":false},"author":48,"featured_media":0,"comment_status":"closed","ping_status":"closed","sticky":false,"template":"","format":"standard","meta":{"_acf_changed":false,"iawp_total_views":0,"footnotes":""},"categories":[117],"tags":[120],"class_list":["post-32082","post","type-post","status-publish","format-standard","hentry","category-rt","tag-funcao"],"acf":[],"_links":{"self":[{"href":"https:\/\/progepe.ufpr.br\/portarias\/wp-json\/wp\/v2\/posts\/32082","targetHints":{"allow":["GET"]}}],"collection":[{"href":"https:\/\/progepe.ufpr.br\/portarias\/wp-json\/wp\/v2\/posts"}],"about":[{"href":"https:\/\/progepe.ufpr.br\/portarias\/wp-json\/wp\/v2\/types\/post"}],"author":[{"embeddable":true,"href":"https:\/\/progepe.ufpr.br\/portarias\/wp-json\/wp\/v2\/users\/48"}],"replies":[{"embeddable":true,"href":"https:\/\/progepe.ufpr.br\/portarias\/wp-json\/wp\/v2\/comments?post=32082"}],"version-history":[{"count":1,"href":"https:\/\/progepe.ufpr.br\/portarias\/wp-json\/wp\/v2\/posts\/32082\/revisions"}],"predecessor-version":[{"id":192888,"href":"https:\/\/progepe.ufpr.br\/portarias\/wp-json\/wp\/v2\/posts\/32082\/revisions\/192888"}],"wp:attachment":[{"href":"https:\/\/progepe.ufpr.br\/portarias\/wp-json\/wp\/v2\/media?parent=32082"}],"wp:term":[{"taxonomy":"category","embeddable":true,"href":"https:\/\/progepe.ufpr.br\/portarias\/wp-json\/wp\/v2\/categories?post=32082"},{"taxonomy":"post_tag","embeddable":true,"href":"https:\/\/progepe.ufpr.br\/portarias\/wp-json\/wp\/v2\/tags?post=32082"}],"curies":[{"name":"wp","href":"https:\/\/api.w.org\/{rel}","templated":true}]}}