{"id":32238,"date":"2020-02-18T05:07:00","date_gmt":"2020-02-18T08:07:00","guid":{"rendered":"http:\/\/progepe.ufpr.br\/portal\/?post_type=portarias&#038;p=32238"},"modified":"2023-08-03T13:18:26","modified_gmt":"2023-08-03T16:18:26","slug":"rt-2020-00487","status":"publish","type":"post","link":"https:\/\/progepe.ufpr.br\/portarias\/rt-2020-00487\/","title":{"rendered":"PORTARIA N\u00ba 00487\/REITORIA, DE 18 DE FEVEREIRO DE 2020"},"content":{"rendered":"\n<p><strong>A Vice-Reitora da Universidade Federal do Paran\u00e1, no exerc\u00edcio do cargo\nde Reitora, <\/strong>no uso de suas atribui\u00e7\u00f5es e tendo em vista o que consta\nno processo n\u00ba 23075.008834\/2020-47,<\/p>\n\n\n\n<p>RESOLVE:<\/p>\n\n\n\n<p>Designar os\nservidores MINA ISOTANI &#8211; 1766680, Professora do Magist\u00e9rio Superior,\nlotada no Departamento de Letras Estrangeiras e Modernas do Setor de Ci\u00eancias\nHumanas; e, GUILHERME SIPPEL MACHADO &#8211; 1068216, Professor do Magist\u00e9rios\nSuperior, lotado no Centro de Estudos do Mar do Setor de Ci\u00eancias da Terra,\ncomo Presidente e Vice-Presidente, respectivamente, da Comiss\u00e3o Permanente de\nPessoal Docente &#8211; CPPD, pelo per\u00edodo de 01 (um) ano, a partir de 26 de\nfevereiro de 2020.<\/p>\n\n\n\n<p style=\"text-align:right\">Graciela\nInes Bolzon de Muniz<\/p>\n","protected":false},"excerpt":{"rendered":"<p>Designar os servidores MINA ISOTANI &#8211; 1766680, Professora do Magist\u00e9rio Superior, lotada no Departamento de Letras Estrangeiras e Modernas do Setor de Ci\u00eancias Humanas; e, GUILHERME SIPPEL MACHADO &#8211; 1068216, Professor do Magist\u00e9rios Superior, lotado no Centro de Estudos do Mar do Setor de Ci\u00eancias da Terra, como Presidente e Vice-Presidente, respectivamente, da Comiss\u00e3o Permanente de Pessoal Docente &#8211; CPPD, pelo per\u00edodo de 01 (um) ano, a partir de 26 de fevereiro de 2020.  <!-- wp:paragraph {\"align\":\"right\"} \n\n<p style=\"text-align:right\">Graciela Ines Bolzon de Muniz\n<\/p>\n","protected":false},"author":49,"featured_media":0,"comment_status":"closed","ping_status":"closed","sticky":false,"template":"","format":"standard","meta":{"_acf_changed":false,"iawp_total_views":0,"footnotes":""},"categories":[117],"tags":[126],"class_list":["post-32238","post","type-post","status-publish","format-standard","hentry","category-rt","tag-representante"],"acf":[],"_links":{"self":[{"href":"https:\/\/progepe.ufpr.br\/portarias\/wp-json\/wp\/v2\/posts\/32238","targetHints":{"allow":["GET"]}}],"collection":[{"href":"https:\/\/progepe.ufpr.br\/portarias\/wp-json\/wp\/v2\/posts"}],"about":[{"href":"https:\/\/progepe.ufpr.br\/portarias\/wp-json\/wp\/v2\/types\/post"}],"author":[{"embeddable":true,"href":"https:\/\/progepe.ufpr.br\/portarias\/wp-json\/wp\/v2\/users\/49"}],"replies":[{"embeddable":true,"href":"https:\/\/progepe.ufpr.br\/portarias\/wp-json\/wp\/v2\/comments?post=32238"}],"version-history":[{"count":1,"href":"https:\/\/progepe.ufpr.br\/portarias\/wp-json\/wp\/v2\/posts\/32238\/revisions"}],"predecessor-version":[{"id":192905,"href":"https:\/\/progepe.ufpr.br\/portarias\/wp-json\/wp\/v2\/posts\/32238\/revisions\/192905"}],"wp:attachment":[{"href":"https:\/\/progepe.ufpr.br\/portarias\/wp-json\/wp\/v2\/media?parent=32238"}],"wp:term":[{"taxonomy":"category","embeddable":true,"href":"https:\/\/progepe.ufpr.br\/portarias\/wp-json\/wp\/v2\/categories?post=32238"},{"taxonomy":"post_tag","embeddable":true,"href":"https:\/\/progepe.ufpr.br\/portarias\/wp-json\/wp\/v2\/tags?post=32238"}],"curies":[{"name":"wp","href":"https:\/\/api.w.org\/{rel}","templated":true}]}}