{"id":32448,"date":"2020-02-18T05:14:00","date_gmt":"2020-02-18T08:14:00","guid":{"rendered":"http:\/\/progepe.ufpr.br\/portal\/?post_type=portarias&#038;p=32448"},"modified":"2023-08-03T13:18:27","modified_gmt":"2023-08-03T16:18:27","slug":"rt-2020-00494","status":"publish","type":"post","link":"https:\/\/progepe.ufpr.br\/portarias\/rt-2020-00494\/","title":{"rendered":"PORTARIA N\u00ba 00494\/REITORIA, DE 18 DE FEVEREIRO DE 2020"},"content":{"rendered":"\n<p><strong>A Vice-Reitora da Universidade Federal do Paran\u00e1, no exerc\u00edcio do cargo\nde Reitora, <\/strong>no uso de suas atribui\u00e7\u00f5es e tendo em vista o que consta\nno processo n\u00ba 23075.027072\/2019-63,<\/p>\n\n\n\n<p>RESOLVE:<\/p>\n\n\n\n<p>Designar, a\npartir de 14 de fevereiro de 2020, o servidor RAFAEL AUGUSTUS SEGA &#8211; 1193465, Professor\ndo Ensino B\u00e1sico, T\u00e9cnico e Tecnol\u00f3gico, para substituir o servidor JOSE\nROBERTO DO CARMO JUNIOR &#8211; 1015433, Professor do Ensino B\u00e1sico, T\u00e9cnico e Tecnol\u00f3gico, como\nrepresentante do Setor de Educa\u00e7\u00e3o Profissional e Tecnol\u00f3gica junto a Comiss\u00e3o\nPermanente de Pessoal Docente, at\u00e9 13 de mar\u00e7o de 2022, conforme Portaria n\u00ba\n174\/REITORIA, de 14 de janeiro de 2020.<\/p>\n\n\n\n<p style=\"text-align:right\">Graciela\nInes Bolzon de Muniz<\/p>\n","protected":false},"excerpt":{"rendered":"<p>Designar, a partir de 14 de fevereiro de 2020, o servidor RAFAEL AUGUSTUS SEGA &#8211; 1193465, Professor do Ensino B\u00e1sico, T\u00e9cnico e Tecnol\u00f3gico, para substituir o servidor JOSE ROBERTO DO CARMO JUNIOR &#8211; 1015433, Professor do Ensino B\u00e1sico, T\u00e9cnico e Tecnol\u00f3gico, como representante do Setor de Educa\u00e7\u00e3o Profissional e Tecnol\u00f3gica junto a Comiss\u00e3o Permanente de Pessoal Docente, at\u00e9 13 de mar\u00e7o de 2022, conforme Portaria n\u00ba 174\/REITORIA, de 14 de janeiro de 2020.  <!-- wp:paragraph {\"align\":\"right\"} \n\n<p style=\"text-align:right\">Graciela Ines Bolzon de Muniz\n<\/p>\n","protected":false},"author":49,"featured_media":0,"comment_status":"closed","ping_status":"closed","sticky":false,"template":"","format":"standard","meta":{"_acf_changed":false,"iawp_total_views":1,"footnotes":""},"categories":[117],"tags":[126],"class_list":["post-32448","post","type-post","status-publish","format-standard","hentry","category-rt","tag-representante"],"acf":[],"_links":{"self":[{"href":"https:\/\/progepe.ufpr.br\/portarias\/wp-json\/wp\/v2\/posts\/32448","targetHints":{"allow":["GET"]}}],"collection":[{"href":"https:\/\/progepe.ufpr.br\/portarias\/wp-json\/wp\/v2\/posts"}],"about":[{"href":"https:\/\/progepe.ufpr.br\/portarias\/wp-json\/wp\/v2\/types\/post"}],"author":[{"embeddable":true,"href":"https:\/\/progepe.ufpr.br\/portarias\/wp-json\/wp\/v2\/users\/49"}],"replies":[{"embeddable":true,"href":"https:\/\/progepe.ufpr.br\/portarias\/wp-json\/wp\/v2\/comments?post=32448"}],"version-history":[{"count":1,"href":"https:\/\/progepe.ufpr.br\/portarias\/wp-json\/wp\/v2\/posts\/32448\/revisions"}],"predecessor-version":[{"id":192930,"href":"https:\/\/progepe.ufpr.br\/portarias\/wp-json\/wp\/v2\/posts\/32448\/revisions\/192930"}],"wp:attachment":[{"href":"https:\/\/progepe.ufpr.br\/portarias\/wp-json\/wp\/v2\/media?parent=32448"}],"wp:term":[{"taxonomy":"category","embeddable":true,"href":"https:\/\/progepe.ufpr.br\/portarias\/wp-json\/wp\/v2\/categories?post=32448"},{"taxonomy":"post_tag","embeddable":true,"href":"https:\/\/progepe.ufpr.br\/portarias\/wp-json\/wp\/v2\/tags?post=32448"}],"curies":[{"name":"wp","href":"https:\/\/api.w.org\/{rel}","templated":true}]}}