{"id":32475,"date":"2020-02-19T05:17:00","date_gmt":"2020-02-19T08:17:00","guid":{"rendered":"http:\/\/progepe.ufpr.br\/portal\/?post_type=portarias&#038;p=32475"},"modified":"2023-08-03T13:18:29","modified_gmt":"2023-08-03T16:18:29","slug":"rt-2020-00514","status":"publish","type":"post","link":"https:\/\/progepe.ufpr.br\/portarias\/rt-2020-00514\/","title":{"rendered":"PORTARIA N\u00ba 00514\/REITORIA, DE 19 DE FEVEREIRO DE 2020"},"content":{"rendered":"\r\n<p><strong>A Vice-Reitora da Universidade Federal do Paran\u00e1, no exerc\u00edcio do cargo de Reitora,<\/strong> no uso de suas atribui\u00e7\u00f5es, tendo em vista o que consta no processo n\u00ba 23075.018963\/2019-18, e considerando:<\/p>\r\n\r\n\r\n\r\n<p>O\u00a0Decreto n\u00ba 9.637, de 26 de dezembro de 2018, que institui a Pol\u00edtica Nacional de Seguran\u00e7a da Informa\u00e7\u00e3o, disp\u00f5e sobre a governan\u00e7a da seguran\u00e7a da informa\u00e7\u00e3o; altera o Decreto n\u00ba 2.295, de 4 de agosto de 1997, que regulamenta o disposto no art. 24, caput, inciso IX, da Lei n\u00ba 8.666, de 21 de junho de 1993; e, disp\u00f5e sobre a dispensa de licita\u00e7\u00e3o nos casos que possam comprometer a seguran\u00e7a nacional;<\/p>\r\n\r\n\r\n\r\n<p>O\u00a0Decreto n\u00ba 8.638, de 15 de janeiro de 2016, da Presid\u00eancia da Rep\u00fablica, que institui a Pol\u00edtica de Governan\u00e7a Digital no \u00e2mbito dos \u00f3rg\u00e3os e das entidades da administra\u00e7\u00e3o p\u00fablica federal direta, aut\u00e1rquica e fundacional;<\/p>\r\n\r\n\r\n\r\n<p>A\u00a0Instru\u00e7\u00e3o Normativa n\u00ba 1,\u00a0de 4\u00a0de abril de 2019, da Secretaria Especial de Desburocratiza\u00e7\u00e3o, Gest\u00e3o e Governo Digital\/Secretaria de Governo Digital do Minist\u00e9rio da Economia, que disp\u00f5e sobre o processo de contrata\u00e7\u00e3o de Solu\u00e7\u00f5es de Tecnologia da Informa\u00e7\u00e3o pelos \u00f3rg\u00e3os integrantes do Sistema de Administra\u00e7\u00e3o dos Recursos de Tecnologia da Informa\u00e7\u00e3o &#8211; SISP do Poder Executivo Federal;<\/p>\r\n\r\n\r\n\r\n<p>A\u00a0Portaria n\u00ba 778, de\u00a04 de abril de 2019, da Secretaria Especial de Desburocratiza\u00e7\u00e3o, Gest\u00e3o e Governo Digital\/Secretaria de Governo Digital do Minist\u00e9rio da Economia, que disp\u00f5e sobre a implanta\u00e7\u00e3o da Governan\u00e7a de Tecnologia da Informa\u00e7\u00e3o e Comunica\u00e7\u00e3o nos \u00f3rg\u00e3os e entidades pertencentes ao Sistema de Administra\u00e7\u00e3o dos Recursos de Tecnologia da Informa\u00e7\u00e3o do Poder Executivo Federal &#8211; SISP;<\/p>\r\n\r\n\r\n\r\n<p>A\u00a0Instru\u00e7\u00e3o Normativa GSI\/PR n\u00ba 1, de 13 de junho de 2008, do Ministro Chefe do Gabinete de Seguran\u00e7a Institucional da Presid\u00eancia da Rep\u00fablica, na condi\u00e7\u00e3o de Secret\u00e1rio-Executivo do Conselho de Defesa Nacional, que Disciplina a Gest\u00e3o de Seguran\u00e7a da Informa\u00e7\u00e3o e Comunica\u00e7\u00e3o na Administra\u00e7\u00e3o P\u00fablica Federal, direta e indireta, e d\u00e1 outras provid\u00eancias.<\/p>\r\n\r\n\r\n\r\n<p>RESOLVE:<\/p>\r\n\r\n\r\n\r\n<p>Art. 1\u00ba &#8211; Instituir o Comit\u00ea de Tecnologia e Seguran\u00e7a da Informa\u00e7\u00e3o e da Comunica\u00e7\u00e3o (CTSIC), \u00f3rg\u00e3o colegiado de natureza consultiva e deliberativa, de car\u00e1ter permanente, vinculado ao Gabinete do Reitor e de assessoramento \u00e0 Administra\u00e7\u00e3o Superior da Universidade Federal do Paran\u00e1 &#8211; UFPR.<\/p>\r\n\r\n\r\n\r\n<p>Art. 2\u00ba &#8211; Estabelecer as finalidades e compet\u00eancias do CTSIC e sua composi\u00e7\u00e3o.<\/p>\r\n\r\n\r\n\r\n<p>Art. 3\u00ba &#8211; Instituir Subcomit\u00ea T\u00e9cnico de Seguran\u00e7a da Informa\u00e7\u00e3o e da Comunica\u00e7\u00e3o (SCSIC), vinculado ao CTSIC.<\/p>\r\n\r\n\r\n\r\n<p><strong>CAP\u00cdTULO I<\/strong><\/p>\r\n\r\n\r\n\r\n<p><strong>DAS FINALIDADES E COMPET\u00caNCIAS<\/strong><\/p>\r\n\r\n\r\n\r\n<p>Art. 4\u00ba &#8211; O CTSIC tem por finalidade:<\/p>\r\n\r\n\r\n\r\n<p>I. Promover a governan\u00e7a de Tecnologia da Informa\u00e7\u00e3o e Comunica\u00e7\u00e3o (TIC) na UFPR, assegurando que seja devidamente considerada como parte da governan\u00e7a corporativa;<\/p>\r\n\r\n\r\n\r\n<p>II. Coordenar a elabora\u00e7\u00e3o e monitorar a gest\u00e3o do Plano Diretor de Tecnologia da Informa\u00e7\u00e3o e Comunica\u00e7\u00e3o (PDTIC) da UFPR, zelando e contribuindo para sua correta execu\u00e7\u00e3o;<\/p>\r\n\r\n\r\n\r\n<p>III. Promover e coordenar a elabora\u00e7\u00e3o e a execu\u00e7\u00e3o de pol\u00edticas e planos essenciais na \u00e1rea de Tecnologia da Informa\u00e7\u00e3o e Comunica\u00e7\u00e3o para a UFPR, em conson\u00e2ncia com a legisla\u00e7\u00e3o vigente;<\/p>\r\n\r\n\r\n\r\n<p>IV. Promover ader\u00eancia aos requisitos estipulados na Pol\u00edtica de Governan\u00e7a Digital do Governo Federal;<\/p>\r\n\r\n\r\n\r\n<p>V. Analisar, acompanhar e priorizar as a\u00e7\u00f5es e investimentos em TIC de forma integrada com as estrat\u00e9gias e diretrizes da UFPR;<\/p>\r\n\r\n\r\n\r\n<p>VI. Promover a governan\u00e7a e a gest\u00e3o da Seguran\u00e7a da Informa\u00e7\u00e3o e Comunica\u00e7\u00e3o (SIC) na UFPR em conson\u00e2ncia com a Pol\u00edtica Nacional de Seguran\u00e7a da Informa\u00e7\u00e3o (PNSI).<\/p>\r\n\r\n\r\n\r\n<p>Art. 5\u00ba &#8211; Compete ao CTSIC:<\/p>\r\n\r\n\r\n\r\n<p>I. Quanto \u00e0 Governan\u00e7a e estrat\u00e9gias de TIC:<\/p>\r\n\r\n\r\n\r\n<p>a) Aconselhar sobre o direcionamento estrat\u00e9gico de TIC da UFPR.<\/p>\r\n\r\n\r\n\r\n<p>b) Aprovar a Pol\u00edtica de Governan\u00e7a de TIC (PGTIC) da UFPR.<\/p>\r\n\r\n\r\n\r\n<p>c) Colaborar na elabora\u00e7\u00e3o do Plano de Desenvolvimento Institucional (PDI) da UFPR em assuntos relacionados \u00e0 TIC.<\/p>\r\n\r\n\r\n\r\n<p>d) Apoiar e orientar sobre o alinhamento\/integra\u00e7\u00e3o das estrat\u00e9gias da \u00e1rea de TIC com as estrat\u00e9gias governamentais e da UFPR.<\/p>\r\n\r\n\r\n\r\n<p>e) Incentivar e apoiar a governan\u00e7a de TIC no \u00e2mbito da UFPR de maneira que a TIC seja devidamente considerada como parte da governan\u00e7a corporativa da UFPR.<\/p>\r\n\r\n\r\n\r\n<p>f) Apoiar a Administra\u00e7\u00e3o Superior da UFPR em assuntos referentes \u00e0 \u00e1rea de TIC e, quando extrapolada sua compet\u00eancia, submeter \u00e0 aprecia\u00e7\u00e3o e aprova\u00e7\u00e3o das inst\u00e2ncias competentes mat\u00e9rias de interesse da UFPR relacionadas \u00e0 TIC.<\/p>\r\n\r\n\r\n\r\n<p>g) Zelar pela observ\u00e2ncia das regulamenta\u00e7\u00f5es, legisla\u00e7\u00e3o e pol\u00edticas de TIC do Governo Federal, deliberando sobre adequa\u00e7\u00f5es necess\u00e1rias para o devido alinhamento e conformidade institucional.<\/p>\r\n\r\n\r\n\r\n<p>h) Promover e colaborar na elabora\u00e7\u00e3o e institui\u00e7\u00e3o de plano para transpar\u00eancia de dados, incluindo o Plano de Dados Abertos da UFPR, em conson\u00e2ncia com as pol\u00edticas governamentais de transpar\u00eancia e legisla\u00e7\u00e3o vigente.<\/p>\r\n\r\n\r\n\r\n<p>i) Coordenar a\u00e7\u00f5es locais consoantes \u00e0 Pol\u00edtica de Governan\u00e7a Digital do Governo Federal.<\/p>\r\n\r\n\r\n\r\n<p>j) Deliberar sobre os diversos temas relacionados \u00e0 governan\u00e7a e estrat\u00e9gias de TIC, assim como aos planos executivos resultantes.<\/p>\r\n\r\n\r\n\r\n<p>II. Quanto ao Plano Diretor de Tecnologia da Informa\u00e7\u00e3o e Comunica\u00e7\u00e3o (PDTIC):<\/p>\r\n\r\n\r\n\r\n<p>a) Indicar membros para compor as equipes de Elabora\u00e7\u00e3o do PDTIC e de Acompanhamento do PDTIC, a serem nomeadas pelo Presidente do CTSIC.<\/p>\r\n\r\n\r\n\r\n<p>b) Deliberar sobre a periodicidade, revis\u00f5es e abrang\u00eancia do PDTIC.<\/p>\r\n\r\n\r\n\r\n<p>c) Colaborar na coordena\u00e7\u00e3o da elabora\u00e7\u00e3o, apreciar e aprovar o PDTIC da UFPR.<\/p>\r\n\r\n\r\n\r\n<p>d) Garantir que o PDTIC seja elaborado de forma participativa e democr\u00e1tica.<\/p>\r\n\r\n\r\n\r\n<p>e) Realizar estudos diagn\u00f3stico sempre que necess\u00e1rio para que as necessidades de TIC das \u00e1reas meio e final\u00edsticas da UFPR estejam contempladas.<\/p>\r\n\r\n\r\n\r\n<p>f) Submeter o PDTIC \u00e0 aprecia\u00e7\u00e3o e homologa\u00e7\u00e3o pelo COPLAD.<\/p>\r\n\r\n\r\n\r\n<p>g) Avaliar e deliberar sobre demandas (envolvendo ou n\u00e3o contrata\u00e7\u00f5es) n\u00e3o previstas no PDTIC e outras solicita\u00e7\u00f5es de revis\u00e3o do documento, providenciando a devida altera\u00e7\u00e3o\/revis\u00e3o do Plano Diretor quando acatada a demanda.<\/p>\r\n\r\n\r\n\r\n<p>h) Aprovar revis\u00f5es do PDTIC.<\/p>\r\n\r\n\r\n\r\n<p>i) Apreciar e aprovar os relat\u00f3rios emitidos pela Equipe de Acompanhamento do PDTIC.<\/p>\r\n\r\n\r\n\r\n<p>j) Promover, monitorar e avaliar continuamente a gest\u00e3o e a execu\u00e7\u00e3o do PDTIC visando o efetivo cumprimento de seu prop\u00f3sito.<\/p>\r\n\r\n\r\n\r\n<p>k) Dar publicidade ao PDTIC, a suas revis\u00f5es, a\u00e7\u00f5es e resultados.<\/p>\r\n\r\n\r\n\r\n<p>l) Zelar pela adequada e constante capacita\u00e7\u00e3o dos profissionais e equipes de TIC da UFPR;<\/p>\r\n\r\n\r\n\r\n<p>m) Deliberar sobre qualquer outro tema de sua compet\u00eancia relacionado ao PDTIC.<\/p>\r\n\r\n\r\n\r\n<p>III. Quanto \u00e0 estrutura organizacional de TIC:<\/p>\r\n\r\n\r\n\r\n<p>a) Apreciar e aprovar adequa\u00e7\u00f5es ou reestrutura\u00e7\u00f5es na estrutura organizacional de TIC, nos n\u00edveis estrat\u00e9gico, t\u00e1tico e operacional, visando fornecer estrutura adequada ao atendimento das estrat\u00e9gias e planos e, quando necess\u00e1rio, submet\u00ea-los \u00e0s inst\u00e2ncias superiores para aprova\u00e7\u00e3o.<\/p>\r\n\r\n\r\n\r\n<p>IV. Quanto \u00e0 gest\u00e3o, direcionamento e monitoramento da TIC:<\/p>\r\n\r\n\r\n\r\n<p>a) Coordenar a formula\u00e7\u00e3o de propostas e deliberar sobre normas, regras, padr\u00f5es, processos, metodologias, planos, pol\u00edticas, diretrizes, objetivos e estrat\u00e9gias de TIC.<\/p>\r\n\r\n\r\n\r\n<p>b) Definir prioridades na formula\u00e7\u00e3o e execu\u00e7\u00e3o de planos e projetos relacionados a TIC.<\/p>\r\n\r\n\r\n\r\n<p>c) Apoiar a implementa\u00e7\u00e3o de boas pr\u00e1ticas em TIC, a exemplo do ITIL e COBIT.<\/p>\r\n\r\n\r\n\r\n<p>d) Monitorar a implementa\u00e7\u00e3o e execu\u00e7\u00e3o de pol\u00edticas, planos e padr\u00f5es de TIC estabelecidos e de sua compet\u00eancia.<\/p>\r\n\r\n\r\n\r\n<p>e) Recomendar ado\u00e7\u00e3o de metodologias de desenvolvimento de sistemas e invent\u00e1rio dos principais sistemas e bases de dados.<\/p>\r\n\r\n\r\n\r\n<p>f) Avaliar os n\u00edveis de servi\u00e7os prestados pela \u00e1rea de TIC visando sua melhoria cont\u00ednua.<\/p>\r\n\r\n\r\n\r\n<p>g) Promover a gest\u00e3o de riscos relacionados \u00e0 \u00e1rea de TIC.<\/p>\r\n\r\n\r\n\r\n<p>h) Monitorar os indicadores de desempenho e gest\u00e3o de TIC.<\/p>\r\n\r\n\r\n\r\n<p>i) Deliberar sobre demais temas relacionados \u00e0 gest\u00e3o, direcionamento e monitoramento de TIC na UFPR.<\/p>\r\n\r\n\r\n\r\n<p>V. Quanto a or\u00e7amento e contrata\u00e7\u00f5es:<\/p>\r\n\r\n\r\n\r\n<p>a) Apreciar plano or\u00e7ament\u00e1rio para TIC, submet\u00ea-lo \u00e0 aprova\u00e7\u00e3o do Conselho de Planejamento e Administra\u00e7\u00e3o (COPLAD), e empreender constantes esfor\u00e7os para garantir a aloca\u00e7\u00e3o dos recursos financeiros necess\u00e1rios ao cumprimento do PDTIC.<\/p>\r\n\r\n\r\n\r\n<p>b) Apreciar plano or\u00e7ament\u00e1rio espec\u00edfico para as a\u00e7\u00f5es de Seguran\u00e7a da Informa\u00e7\u00e3o e Comunica\u00e7\u00e3o (SIC) e submet\u00ea-lo \u00e0 aprova\u00e7\u00e3o do Conselho de Planejamento e Administra\u00e7\u00e3o (COPLAD);<\/p>\r\n\r\n\r\n\r\n<p>c) Garantir a ado\u00e7\u00e3o do Modelo de Contrata\u00e7\u00f5es de Bens e Servi\u00e7os de TIC da UFPR, aderentemente \u00e0s normativas do Governo Federal\u00a0e internas, zelando pela celeridade das contrata\u00e7\u00f5es.<\/p>\r\n\r\n\r\n\r\n<p>d) Delegar a responsabilidade de manuten\u00e7\u00e3o do Modelo de Contrata\u00e7\u00f5es de TIC da UFPR e monitorar seu cumprimento.<\/p>\r\n\r\n\r\n\r\n<p>e) Aprovar altera\u00e7\u00f5es e revis\u00f5es do Modelo de Contrata\u00e7\u00f5es de Bens e Servi\u00e7os de TIC da UFPR.<\/p>\r\n\r\n\r\n\r\n<p>f) Estabelecer as pol\u00edticas de minimiza\u00e7\u00e3o de riscos, de prioriza\u00e7\u00e3o e distribui\u00e7\u00e3o dos recursos or\u00e7ament\u00e1rios para TIC.<\/p>\r\n\r\n\r\n\r\n<p>g) Analisar e orientar os principais investimentos, empregos de recursos e a\u00e7\u00f5es de TIC de forma integrada com as estrat\u00e9gias e as diretrizes da UFPR.<\/p>\r\n\r\n\r\n\r\n<p>h) Promover adequa\u00e7\u00f5es de infraestrutura f\u00edsica e de ambientes de TIC para seu adequado funcionamento para a UFPR.<\/p>\r\n\r\n\r\n\r\n<p>VI. Quanto \u00e0 seguran\u00e7a da informa\u00e7\u00e3o e comunica\u00e7\u00e3o:<\/p>\r\n\r\n\r\n\r\n<p>a)\u00a0Assessorar na implementa\u00e7\u00e3o da Pol\u00edtica Nacional de Seguran\u00e7a da Informa\u00e7\u00e3o (PNSI) no \u00e2mbito da UFPR.<\/p>\r\n\r\n\r\n\r\n<p>b) Zelar pela Pol\u00edtica de Seguran\u00e7a da Informa\u00e7\u00e3o (PSIC) da UFPR (Resolu\u00e7\u00e3o n\u00ba 21\/14-COPLAD) e elaborar normas internas de seguran\u00e7a da informa\u00e7\u00e3o, observadas as normas de seguran\u00e7a da informa\u00e7\u00e3o editadas pelo Gabinete de Seguran\u00e7a Institucional da Presid\u00eancia da Rep\u00fablica.<\/p>\r\n\r\n\r\n\r\n<p>c) Estruturar\u00a0Subcomit\u00ea T\u00e9cnico de Seguran\u00e7a da Informa\u00e7\u00e3o e Comunica\u00e7\u00e3o (SCSIC), estabelecer suas compet\u00eancias e composi\u00e7\u00e3o, sendo permitida a subdelega\u00e7\u00e3o de compet\u00eancias do CTSIC ao SCSIC.<\/p>\r\n\r\n\r\n\r\n<p>d) Assessorar na implementa\u00e7\u00e3o das a\u00e7\u00f5es de seguran\u00e7a da informa\u00e7\u00e3o.<\/p>\r\n\r\n\r\n\r\n<p>e) Constituir grupos de trabalho para tratar de temas e propor solu\u00e7\u00f5es espec\u00edficas sobre seguran\u00e7a da informa\u00e7\u00e3o.<\/p>\r\n\r\n\r\n\r\n<p>f) Propor altera\u00e7\u00f5es na pol\u00edtica de seguran\u00e7a da informa\u00e7\u00e3o da UFPR.<\/p>\r\n\r\n\r\n\r\n<p>g) Aprovar normas internas relativas \u00e0 seguran\u00e7a da informa\u00e7\u00e3o.<\/p>\r\n\r\n\r\n\r\n<p>h) Atuar na destina\u00e7\u00e3o de recursos or\u00e7ament\u00e1rios para a\u00e7\u00f5es de seguran\u00e7a da informa\u00e7\u00e3o.<\/p>\r\n\r\n\r\n\r\n<p>i) Promover a\u00e7\u00f5es de capacita\u00e7\u00e3o e profissionaliza\u00e7\u00e3o dos recursos humanos em temas relacionados \u00e0 seguran\u00e7a da informa\u00e7\u00e3o.<\/p>\r\n\r\n\r\n\r\n<p>j) Instituir e implementar equipe de tratamento e resposta a incidentes em redes computacionais.<\/p>\r\n\r\n\r\n\r\n<p>k) Coordenar a execu\u00e7\u00e3o das a\u00e7\u00f5es de seguran\u00e7a da informa\u00e7\u00e3o no \u00e2mbito da UFPR.<\/p>\r\n\r\n\r\n\r\n<p>l) Analisar os resultados dos trabalhos de auditorias internas e externas sobre a gest\u00e3o de seguran\u00e7a da informa\u00e7\u00e3o e comunica\u00e7\u00e3o.<\/p>\r\n\r\n\r\n\r\n<p>m) Apreciar casos de viola\u00e7\u00e3o da seguran\u00e7a da informa\u00e7\u00e3o e comunica\u00e7\u00e3o e encaminhar para apura\u00e7\u00e3o e aplica\u00e7\u00e3o de a\u00e7\u00f5es corretivas e disciplinares cab\u00edveis pelas inst\u00e2ncias competentes.<\/p>\r\n\r\n\r\n\r\n<p>n) Demandar ou promover auditorias internas sobre seguran\u00e7a de TIC.<\/p>\r\n\r\n\r\n\r\n<p>o) Consolidar os resultados de trabalhos de auditorias que tenha promovido em Seguran\u00e7a da Informa\u00e7\u00e3o e Comunica\u00e7\u00e3o para fins de transpar\u00eancia \u00e0 sociedade.<\/p>\r\n\r\n\r\n\r\n<p>p) Aprovar e acompanhar a execu\u00e7\u00e3o de plano de implementa\u00e7\u00e3o e manuten\u00e7\u00e3o da PSIC da UFPR, avaliando seus resultados.<\/p>\r\n\r\n\r\n\r\n<p>q) Apreciar demandas de seguran\u00e7a da informa\u00e7\u00e3o e comunica\u00e7\u00e3o das diferentes unidades da UFPR.<\/p>\r\n\r\n\r\n\r\n<p>r) Monitorar as necessidades de recursos de TIC constantes do PDTIC relativas \u00e0 seguran\u00e7a da informa\u00e7\u00e3o e comunica\u00e7\u00e3o e propor solu\u00e7\u00f5es e alternativas t\u00e9cnicas para as diferentes \u00e1reas da UFPR.<\/p>\r\n\r\n\r\n\r\n<p>s) Propor a aquisi\u00e7\u00e3o de recursos de TIC, respeitando a legisla\u00e7\u00e3o vigente e as especificidades de recursos demandados pela UFPR, inclusive dentro de projetos acad\u00eamicos e de desenvolvimento aprovados no \u00e2mbito da UFPR.<\/p>\r\n\r\n\r\n\r\n<p>t) Promover a gest\u00e3o de riscos relacionados \u00e0 \u00e1rea de Seguran\u00e7a de TIC.<\/p>\r\n\r\n\r\n\r\n<p>u) Deliberar sobre demais temas relacionados \u00e0 SIC no \u00e2mbito da UFPR.<\/p>\r\n\r\n\r\n\r\n<p>VII. Quanto \u00e0s solu\u00e7\u00f5es de TIC:<\/p>\r\n\r\n\r\n\r\n<p>a) Orientar e deliberar sobre a ado\u00e7\u00e3o de solu\u00e7\u00f5es de TIC convergentes e aderentes \u00e0s necessidades da UFPR e, ainda, no caso de solu\u00e7\u00f5es de software\/sistemas, com foco na experi\u00eancia do usu\u00e1rio, visando maior efic\u00e1cia e efici\u00eancia.<\/p>\r\n\r\n\r\n\r\n<p>b) Zelar pela observ\u00e2ncia \u00e0s pol\u00edticas e padr\u00f5es estabelecidos pelo Governo Federal em prol da interoperabilidade e seguran\u00e7a das solu\u00e7\u00f5es de TIC.<\/p>\r\n\r\n\r\n\r\n<p>c) Promover m\u00e9todos e tecnologias \u00e1geis para constru\u00e7\u00e3o e manuten\u00e7\u00e3o de sistemas corporativos.<\/p>\r\n\r\n\r\n\r\n<p>d) Priorizar as necessidades de desenvolvimento interno de sistemas, assim como deliberar sobre aquisi\u00e7\u00f5es\/ado\u00e7\u00e3o de sistemas para a UFPR.<\/p>\r\n\r\n\r\n\r\n<p>VIII. Quanto a fun\u00e7\u00f5es administrativas:<\/p>\r\n\r\n\r\n\r\n<p>a) Elaborar e manter o Regimento interno do CTSIC.<\/p>\r\n\r\n\r\n\r\n<p>b) Emitir pareceres e manifestar-se sobre qualquer assunto relativo a TIC, especialmente quando solicitado pela Administra\u00e7\u00e3o Superior.<\/p>\r\n\r\n\r\n\r\n<p>c) Elaborar relat\u00f3rios de suas atividades conforme demandas da Administra\u00e7\u00e3o Superior.<\/p>\r\n\r\n\r\n\r\n<p>d) Solicitar a unidades da UFPR informa\u00e7\u00f5es que julgue relevantes para o cumprimento de suas obriga\u00e7\u00f5es.<\/p>\r\n\r\n\r\n\r\n<p>e) Elaborar estudos e diagn\u00f3sticos e compor comiss\u00f5es, colegiados ou equivalentes sobre assuntos de sua compet\u00eancia.<\/p>\r\n\r\n\r\n\r\n<p>f) Emitir formalmente os documentos regulamentares de sua compet\u00eancia para o estabelecimento de normas, regras, padr\u00f5es, processos, metodologias, planos, pol\u00edticas, diretrizes, objetivos e estrat\u00e9gias de TIC.<\/p>\r\n\r\n\r\n\r\n<p><strong>CAP\u00cdTULO II<\/strong><\/p>\r\n\r\n\r\n\r\n<p><strong>DA COMPOSI\u00c7\u00c3O<\/strong><\/p>\r\n\r\n\r\n\r\n<p>Art. 6\u00ba &#8211; O CTSIC ser\u00e1 composto por servidores do quadro da UFPR representantes das \u00e1reas de Tecnologia da Informa\u00e7\u00e3o e Comunica\u00e7\u00e3o, da Administra\u00e7\u00e3o Superior e das \u00e1reas final\u00edsticas da UFPR, com respectivos suplentes, designados por portaria do Gabinete do Reitor e constitu\u00eddo da seguinte forma:<\/p>\r\n\r\n\r\n\r\n<p>I. Pelo(a) Reitor(a) da UFPR, que o presidir\u00e1.<\/p>\r\n\r\n\r\n\r\n<p>II. Pelo(a) Vice-Reitor(a), que substituir\u00e1 o presidente em seus impedimentos.<\/p>\r\n\r\n\r\n\r\n<p>III. Pelo(a) Pr\u00f3-Reitor(a) de cada Pr\u00f3-Reitoria.<\/p>\r\n\r\n\r\n\r\n<p>IV. Pelo(a) Diretor(a) Executivo(a) da Ag\u00eancia de Tecnologia da Informa\u00e7\u00e3o\u00a0e Comunica\u00e7\u00e3o (AGTIC).<\/p>\r\n\r\n\r\n\r\n<p>V. Pelo(a) Coordenador(a) da\u00a0Coordenadoria de Servi\u00e7os e\u00a0Infraestrutura de TIC da\u00a0AGTIC.<\/p>\r\n\r\n\r\n\r\n<p>VI.\u00a0Pelo(a) Coordenador(a) da\u00a0Coordenadoria de Solu\u00e7\u00f5es de Software da\u00a0AGTIC.<\/p>\r\n\r\n\r\n\r\n<p>VII. Pelo(a) Coordenador(a) da Coordenadoria de Governan\u00e7a e Riscos (CGR).<\/p>\r\n\r\n\r\n\r\n<p>VIII. Pelo(a) Pesquisador(a) Institucional da UFPR.<\/p>\r\n\r\n\r\n\r\n<p>Art. 7\u00ba &#8211; O CTSIC ser\u00e1 presidido pelo(a) Reitor(a) da UFPR.<\/p>\r\n\r\n\r\n\r\n<p>Par\u00e1grafo \u00danico &#8211; Na falta ou impedimento do Presidente, presidir\u00e1 a sess\u00e3o do CTSIC o(a) Vice-Reitor(a) da UFPR, na qualidade de vice-presidente.<\/p>\r\n\r\n\r\n\r\n<p>Art. 8\u00ba &#8211; Os membros titulares designados nos incisos I a III\u00a0do Art. 6\u00ba dever\u00e3o ser ocupantes de cargo de provimento em Cargo de Dire\u00e7\u00e3o de n\u00edvel 2\u00a0(CD-02) ou de cargo de hierarquia superior, conforme Decreto n\u00ba 8.638.<\/p>\r\n\r\n\r\n\r\n<p>Art. 9\u00ba &#8211; Os membros ter\u00e3o mandato igual ao tempo em que ocuparem os cargos para os quais as vagas no CTSIC se destinam.<\/p>\r\n\r\n\r\n\r\n<p>\u00a7 1\u00ba. Para cada titular do CTSIC ser\u00e1 nomeado um suplente, exceto para o\/a Presidente que contar\u00e1 com a supl\u00eancia do\/da Vice-Presidente.<\/p>\r\n\r\n\r\n\r\n<p>\u00a7 2\u00ba. Ocorrendo vac\u00e2ncia de membros ou suplentes por qualquer motivo, o Presidente designar\u00e1 novos membros para as vagas cab\u00edveis.<\/p>\r\n\r\n\r\n\r\n<p>Art. 10\u00ba &#8211; Aos membros titulares s\u00e3o garantidos voz e voto nas sess\u00f5es do Comit\u00ea.<\/p>\r\n\r\n\r\n\r\n<p>Art. 11\u00ba &#8211; Aos representantes suplentes cabe representar os titulares em suas aus\u00eancias e impedimentos, os quais ter\u00e3o os mesmos direitos de voz e voto quando substituindo seus respectivos titulares.<\/p>\r\n\r\n\r\n\r\n<p>Art. 12\u00ba &#8211; O Gabinete do Reitor prestar\u00e1 o apoio t\u00e9cnico e administrativo ao CTSIC.<\/p>\r\n\r\n\r\n\r\n<p>Art. 13\u00ba &#8211; O Reitor da UFPR nomear\u00e1 o Gestor de Seguran\u00e7a da Informa\u00e7\u00e3o e Comunica\u00e7\u00e3o, conforme Resolu\u00e7\u00e3o n\u00ba 21\/14-COPLAD e de acordo com o Decreto n\u00ba 9.637.<\/p>\r\n\r\n\r\n\r\n<p>Par\u00e1grafo \u00danico &#8211; O Gestor de Seguran\u00e7a da Informa\u00e7\u00e3o coordenar\u00e1 o SCSIC, conforme determina o Decreto n\u00ba 9.637.<\/p>\r\n\r\n\r\n\r\n<p><strong>CAP\u00cdTULO III<\/strong><\/p>\r\n\r\n\r\n\r\n<p><strong>DAS DISPOSI\u00c7\u00d5E FINAIS<\/strong><\/p>\r\n\r\n\r\n\r\n<p>Art. 14\u00ba &#8211; Esta Portaria entra em vigor na data de sua publica\u00e7\u00e3o.<\/p>\r\n\r\n\r\n\r\n<p style=\"text-align: right\">Graciela Ines Bolzon de Muniz<\/p>\r\n","protected":false},"excerpt":{"rendered":"<p>Art. 1\u00ba &#8211; Instituir o Comit\u00ea de Tecnologia e Seguran\u00e7a da Informa\u00e7\u00e3o e da Comunica\u00e7\u00e3o (CTSIC), \u00f3rg\u00e3o colegiado de natureza consultiva e deliberativa, de car\u00e1ter permanente, vinculado ao Gabinete do Reitor e de assessoramento \u00e0 Administra\u00e7\u00e3o Superior da Universidade Federal do Paran\u00e1 &#8211; UFPR.    Art. 2\u00ba &#8211; Estabelecer as finalidades e compet\u00eancias do CTSIC e sua composi\u00e7\u00e3o.    Art. 3\u00ba &#8211; Instituir Subcomit\u00ea T\u00e9cnico de Seguran\u00e7a da Informa\u00e7\u00e3o e da Comunica\u00e7\u00e3o (SCSIC), vinculado ao CTSIC.    <strong>CAP\u00cdTULO I<\/strong>    <strong>DAS FINALIDADES E COMPET\u00caNCIAS<\/strong>    Art.<\/p>\n","protected":false},"author":49,"featured_media":0,"comment_status":"closed","ping_status":"closed","sticky":false,"template":"","format":"standard","meta":{"_acf_changed":false,"iawp_total_views":1,"footnotes":""},"categories":[117],"tags":[119],"class_list":["post-32475","post","type-post","status-publish","format-standard","hentry","category-rt","tag-diversos"],"acf":[],"_links":{"self":[{"href":"https:\/\/progepe.ufpr.br\/portarias\/wp-json\/wp\/v2\/posts\/32475","targetHints":{"allow":["GET"]}}],"collection":[{"href":"https:\/\/progepe.ufpr.br\/portarias\/wp-json\/wp\/v2\/posts"}],"about":[{"href":"https:\/\/progepe.ufpr.br\/portarias\/wp-json\/wp\/v2\/types\/post"}],"author":[{"embeddable":true,"href":"https:\/\/progepe.ufpr.br\/portarias\/wp-json\/wp\/v2\/users\/49"}],"replies":[{"embeddable":true,"href":"https:\/\/progepe.ufpr.br\/portarias\/wp-json\/wp\/v2\/comments?post=32475"}],"version-history":[{"count":1,"href":"https:\/\/progepe.ufpr.br\/portarias\/wp-json\/wp\/v2\/posts\/32475\/revisions"}],"predecessor-version":[{"id":192933,"href":"https:\/\/progepe.ufpr.br\/portarias\/wp-json\/wp\/v2\/posts\/32475\/revisions\/192933"}],"wp:attachment":[{"href":"https:\/\/progepe.ufpr.br\/portarias\/wp-json\/wp\/v2\/media?parent=32475"}],"wp:term":[{"taxonomy":"category","embeddable":true,"href":"https:\/\/progepe.ufpr.br\/portarias\/wp-json\/wp\/v2\/categories?post=32475"},{"taxonomy":"post_tag","embeddable":true,"href":"https:\/\/progepe.ufpr.br\/portarias\/wp-json\/wp\/v2\/tags?post=32475"}],"curies":[{"name":"wp","href":"https:\/\/api.w.org\/{rel}","templated":true}]}}