{"id":32568,"date":"2020-02-19T05:03:00","date_gmt":"2020-02-19T08:03:00","guid":{"rendered":"http:\/\/progepe.ufpr.br\/portal\/?post_type=portarias&#038;p=32568"},"modified":"2023-08-03T13:18:27","modified_gmt":"2023-08-03T16:18:27","slug":"rt-2020-00500","status":"publish","type":"post","link":"https:\/\/progepe.ufpr.br\/portarias\/rt-2020-00500\/","title":{"rendered":"PORTARIA N\u00ba 00500\/REITORIA, DE 19 DE FEVEREIRO DE 2020"},"content":{"rendered":"\n<p><strong>A Vice-Reitora da Universidade Federal do Paran\u00e1, no exerc\u00edcio do cargo de Reitora,\u00a0<\/strong>no  uso de suas atribui\u00e7\u00f5es considerando o que consta no artigo 9\u00ba, inciso  II da Lei n\u00ba 8.112\/90 e tendo em vista o que consta no processo n\u00ba  23075.008412\/2020-71, <\/p>\n\n\n\n<p>RESOLVE:<\/p>\n\n\n\n<p> Alterar a Portaria n\u00ba 128\/REITORIA, de 20 de mar\u00e7o de 2018, publicada no  Di\u00e1rio Oficial da Uni\u00e3o de\u00a029 de mar\u00e7o de 2018, se\u00e7\u00e3o 2, p\u00e1g. 33,  referente \u00e0 nomea\u00e7\u00e3o da servidora LEOMARA FLORIANO RIBEIRO\u00a0&#8211; 2145168, na  fun\u00e7\u00e3o de Coordenadora do Curso de Engenharia de Alimentos, FCC \u2013  Fun\u00e7\u00e3o Comissionada de Coordena\u00e7\u00e3o de Curso, do Campus Jandaia do Sul,  para fazer constar que, a partir da data de publica\u00e7\u00e3o em DOU desta  Portaria, a referida fun\u00e7\u00e3o\u00a0passa a denominar-se Coordenador(a) de Curso de Gradua\u00e7\u00e3o do Campus Avan\u00e7ado de Jandaia do Sul, FCC \u2013 Fun\u00e7\u00e3o Comissionada de Coordena\u00e7\u00e3o de Curso\u00a0(Curso de Engenharia de Alimentos). <\/p>\n\n\n\n<p style=\"text-align:right\"><strong>GRACIELA INES BOLZON DE MUNIZ<\/strong><\/p>\n","protected":false},"excerpt":{"rendered":"<p>Alterar a Portaria n\u00ba 128\/REITORIA, de 20 de mar\u00e7o de 2018, publicada no Di\u00e1rio Oficial da Uni\u00e3o de\u00a029 de mar\u00e7o de 2018, se\u00e7\u00e3o 2, p\u00e1g. 33, referente \u00e0 nomea\u00e7\u00e3o da servidora LEOMARA FLORIANO RIBEIRO\u00a0&#8211; 2145168, na fun\u00e7\u00e3o de Coordenadora do Curso de Engenharia de Alimentos, FCC \u2013 Fun\u00e7\u00e3o Comissionada de Coordena\u00e7\u00e3o de Curso, do Campus Jandaia do Sul, para fazer constar que, a partir da data de publica\u00e7\u00e3o em DOU desta Portaria, a referida fun\u00e7\u00e3o\u00a0passa a denominar-se Coordenador(a) de Curso de Gradua\u00e7\u00e3o do Campus Avan\u00e7ado de Jandaia do Sul, FCC \u2013 Fun\u00e7\u00e3o Comissionada de Coordena\u00e7\u00e3o de Curso\u00a0(Curso<\/p>\n","protected":false},"author":48,"featured_media":0,"comment_status":"closed","ping_status":"closed","sticky":false,"template":"","format":"standard","meta":{"_acf_changed":false,"iawp_total_views":1,"footnotes":""},"categories":[117],"tags":[120],"class_list":["post-32568","post","type-post","status-publish","format-standard","hentry","category-rt","tag-funcao"],"acf":[],"_links":{"self":[{"href":"https:\/\/progepe.ufpr.br\/portarias\/wp-json\/wp\/v2\/posts\/32568","targetHints":{"allow":["GET"]}}],"collection":[{"href":"https:\/\/progepe.ufpr.br\/portarias\/wp-json\/wp\/v2\/posts"}],"about":[{"href":"https:\/\/progepe.ufpr.br\/portarias\/wp-json\/wp\/v2\/types\/post"}],"author":[{"embeddable":true,"href":"https:\/\/progepe.ufpr.br\/portarias\/wp-json\/wp\/v2\/users\/48"}],"replies":[{"embeddable":true,"href":"https:\/\/progepe.ufpr.br\/portarias\/wp-json\/wp\/v2\/comments?post=32568"}],"version-history":[{"count":1,"href":"https:\/\/progepe.ufpr.br\/portarias\/wp-json\/wp\/v2\/posts\/32568\/revisions"}],"predecessor-version":[{"id":192943,"href":"https:\/\/progepe.ufpr.br\/portarias\/wp-json\/wp\/v2\/posts\/32568\/revisions\/192943"}],"wp:attachment":[{"href":"https:\/\/progepe.ufpr.br\/portarias\/wp-json\/wp\/v2\/media?parent=32568"}],"wp:term":[{"taxonomy":"category","embeddable":true,"href":"https:\/\/progepe.ufpr.br\/portarias\/wp-json\/wp\/v2\/categories?post=32568"},{"taxonomy":"post_tag","embeddable":true,"href":"https:\/\/progepe.ufpr.br\/portarias\/wp-json\/wp\/v2\/tags?post=32568"}],"curies":[{"name":"wp","href":"https:\/\/api.w.org\/{rel}","templated":true}]}}