{"id":32634,"date":"2020-02-19T05:10:00","date_gmt":"2020-02-19T08:10:00","guid":{"rendered":"http:\/\/progepe.ufpr.br\/portal\/?post_type=portarias&#038;p=32634"},"modified":"2023-08-03T13:18:28","modified_gmt":"2023-08-03T16:18:28","slug":"rt-2020-00507","status":"publish","type":"post","link":"https:\/\/progepe.ufpr.br\/portarias\/rt-2020-00507\/","title":{"rendered":"PORTARIA N\u00ba 00507\/REITORIA, DE 19 DE FEVEREIRO DE 2020"},"content":{"rendered":"\n<p><strong>A Vice-Reitora da Universidade Federal do Paran\u00e1, no exerc\u00edcio do cargo de Reitora,\u00a0<\/strong>no  uso de suas atribui\u00e7\u00f5es considerando o que consta no artigo 9\u00ba, inciso  II da Lei n\u00ba 8.112\/90 e tendo em vista o que consta no processo n\u00ba  23075.008412\/2020-71, <\/p>\n\n\n\n<p>RESOLVE:<\/p>\n\n\n\n<p> Alterar a Portaria n\u00ba 581\/PROGEPE, de 06 de fevereiro de 2019, publicada  no Di\u00e1rio Oficial da Uni\u00e3o de\u00a011 de fevereiro de 2019, se\u00e7\u00e3o 2, p\u00e1g.  38, referente \u00e0 nomea\u00e7\u00e3o do servidor RAFAEL POLICENO DE SOUZA\u00a0&#8211; 3076401,  na fun\u00e7\u00e3o de Chefe da Secretaria Acad\u00eamica dos Cursos, FG-02, do Campus  Jandaia do Sul,\u00a0para fazer constar que, a partir da data de publica\u00e7\u00e3o  em DOU desta Portaria, a referida fun\u00e7\u00e3o\u00a0 gratificada passa a  denominar-se Chefe da Unidade de Apoio Acad\u00eamico, FG-02,\u00a0do Campus  Avan\u00e7ado de Jandaia do Sul. <\/p>\n\n\n\n<p style=\"text-align:right\"><strong>GRACIELA INES BOLZON DE MUNIZ<\/strong><\/p>\n","protected":false},"excerpt":{"rendered":"<p>Alterar a Portaria n\u00ba 581\/PROGEPE, de 06 de fevereiro de 2019, publicada no Di\u00e1rio Oficial da Uni\u00e3o de\u00a011 de fevereiro de 2019, se\u00e7\u00e3o 2, p\u00e1g. 38, referente \u00e0 nomea\u00e7\u00e3o do servidor RAFAEL POLICENO DE SOUZA\u00a0&#8211; 3076401, na fun\u00e7\u00e3o de Chefe da Secretaria Acad\u00eamica dos Cursos, FG-02, do Campus Jandaia do Sul,\u00a0para fazer constar que, a partir da data de publica\u00e7\u00e3o em DOU desta Portaria, a referida fun\u00e7\u00e3o\u00a0 gratificada passa a denominar-se Chefe da Unidade de Apoio Acad\u00eamico, FG-02,\u00a0do Campus Avan\u00e7ado de Jandaia do Sul.  <!-- wp:paragraph {\"align\":\"right\"} \n\n<p style=\"text-align:right\"><strong>GRACIELA INES BOLZON DE MUNIZ<\/strong>\n<\/p>\n","protected":false},"author":48,"featured_media":0,"comment_status":"closed","ping_status":"closed","sticky":false,"template":"","format":"standard","meta":{"_acf_changed":false,"iawp_total_views":0,"footnotes":""},"categories":[117],"tags":[120],"class_list":["post-32634","post","type-post","status-publish","format-standard","hentry","category-rt","tag-funcao"],"acf":[],"_links":{"self":[{"href":"https:\/\/progepe.ufpr.br\/portarias\/wp-json\/wp\/v2\/posts\/32634","targetHints":{"allow":["GET"]}}],"collection":[{"href":"https:\/\/progepe.ufpr.br\/portarias\/wp-json\/wp\/v2\/posts"}],"about":[{"href":"https:\/\/progepe.ufpr.br\/portarias\/wp-json\/wp\/v2\/types\/post"}],"author":[{"embeddable":true,"href":"https:\/\/progepe.ufpr.br\/portarias\/wp-json\/wp\/v2\/users\/48"}],"replies":[{"embeddable":true,"href":"https:\/\/progepe.ufpr.br\/portarias\/wp-json\/wp\/v2\/comments?post=32634"}],"version-history":[{"count":1,"href":"https:\/\/progepe.ufpr.br\/portarias\/wp-json\/wp\/v2\/posts\/32634\/revisions"}],"predecessor-version":[{"id":192950,"href":"https:\/\/progepe.ufpr.br\/portarias\/wp-json\/wp\/v2\/posts\/32634\/revisions\/192950"}],"wp:attachment":[{"href":"https:\/\/progepe.ufpr.br\/portarias\/wp-json\/wp\/v2\/media?parent=32634"}],"wp:term":[{"taxonomy":"category","embeddable":true,"href":"https:\/\/progepe.ufpr.br\/portarias\/wp-json\/wp\/v2\/categories?post=32634"},{"taxonomy":"post_tag","embeddable":true,"href":"https:\/\/progepe.ufpr.br\/portarias\/wp-json\/wp\/v2\/tags?post=32634"}],"curies":[{"name":"wp","href":"https:\/\/api.w.org\/{rel}","templated":true}]}}