{"id":32643,"date":"2020-02-19T05:11:00","date_gmt":"2020-02-19T08:11:00","guid":{"rendered":"http:\/\/progepe.ufpr.br\/portal\/?post_type=portarias&#038;p=32643"},"modified":"2024-09-16T15:32:47","modified_gmt":"2024-09-16T18:32:47","slug":"rt-2020-00508","status":"publish","type":"post","link":"https:\/\/progepe.ufpr.br\/portarias\/rt-2020-00508\/","title":{"rendered":"PORTARIA N\u00ba 00508\/REITORIA, DE 19 DE FEVEREIRO DE 2020"},"content":{"rendered":"\n<p style=\"padding-left:43%\">A Vice-Reitora da Universidade Federal do Paran\u00e1, no exerc\u00edcio do cargo de Reitora,&nbsp;no uso de suas atribui\u00e7\u00f5es considerando o que consta no artigo 9\u00ba, inciso II da Lei n\u00ba 8.112\/90 e tendo em vista o que consta no processo n\u00ba 23075.008412\/2020-71,<\/p>\n\n\n\n<p style=\"padding-left:43%\"><strong>RESOLVE:<\/strong><\/p>\n\n\n\n<p>Alterar a <a href=\"https:\/\/progepe.ufpr.br\/portarias\/progepe-2018-01365\/\" data-type=\"post\" data-id=\"78848\">Portaria n\u00ba 1365\/PROGEPE, de 20 de mar\u00e7o de 2018<\/a>, publicada no Di\u00e1rio Oficial da Uni\u00e3o de\u00a026 de mar\u00e7o de 2018, se\u00e7\u00e3o 2, p\u00e1g. 25, referente \u00e0 nomea\u00e7\u00e3o do servidor FABIO ANT\u00d4NIO GABRIEL\u00a0&#8211; 1210943, na fun\u00e7\u00e3o de Chefe do Laborat\u00f3rio de Inform\u00e1tica, FG-03, do Campus Jandaia do Sul,\u00a0para fazer constar que, a partir da data de publica\u00e7\u00e3o em DOU desta Portaria, a referida fun\u00e7\u00e3o gratificada passa a denominar-se Chefe da Se\u00e7\u00e3o de Tecnologia da Informa\u00e7\u00e3o, FG-03, do Campus Avan\u00e7ado de Jandaia do Sul.<\/p>\n","protected":false},"excerpt":{"rendered":"<p>Alterar a <a href=\"https:\/\/progepe.ufpr.br\/portarias\/progepe-2018-01365\/\" data-type=\"post\" data-id=\"78848\">Portaria n\u00ba 1365\/PROGEPE, de 20 de mar\u00e7o de 2018<\/a>, publicada no Di\u00e1rio Oficial da Uni\u00e3o de\u00a026 de mar\u00e7o de 2018, se\u00e7\u00e3o 2, p\u00e1g. 25, referente \u00e0 nomea\u00e7\u00e3o do servidor FABIO ANT\u00d4NIO GABRIEL\u00a0&#8211; 1210943, na fun\u00e7\u00e3o de Chefe do Laborat\u00f3rio de Inform\u00e1tica, FG-03, do Campus Jandaia do Sul,\u00a0para fazer constar que, a partir da data de publica\u00e7\u00e3o em DOU desta Portaria, a referida fun\u00e7\u00e3o gratificada passa a denominar-se Chefe da Se\u00e7\u00e3o de Tecnologia da Informa\u00e7\u00e3o, FG-03, do Campus Avan\u00e7ado de Jandaia do Sul.<\/p>\n","protected":false},"author":48,"featured_media":0,"comment_status":"closed","ping_status":"closed","sticky":false,"template":"","format":"standard","meta":{"_acf_changed":false,"iawp_total_views":1,"footnotes":""},"categories":[117],"tags":[120],"class_list":["post-32643","post","type-post","status-publish","format-standard","hentry","category-rt","tag-funcao"],"acf":[],"_links":{"self":[{"href":"https:\/\/progepe.ufpr.br\/portarias\/wp-json\/wp\/v2\/posts\/32643","targetHints":{"allow":["GET"]}}],"collection":[{"href":"https:\/\/progepe.ufpr.br\/portarias\/wp-json\/wp\/v2\/posts"}],"about":[{"href":"https:\/\/progepe.ufpr.br\/portarias\/wp-json\/wp\/v2\/types\/post"}],"author":[{"embeddable":true,"href":"https:\/\/progepe.ufpr.br\/portarias\/wp-json\/wp\/v2\/users\/48"}],"replies":[{"embeddable":true,"href":"https:\/\/progepe.ufpr.br\/portarias\/wp-json\/wp\/v2\/comments?post=32643"}],"version-history":[{"count":3,"href":"https:\/\/progepe.ufpr.br\/portarias\/wp-json\/wp\/v2\/posts\/32643\/revisions"}],"predecessor-version":[{"id":257256,"href":"https:\/\/progepe.ufpr.br\/portarias\/wp-json\/wp\/v2\/posts\/32643\/revisions\/257256"}],"wp:attachment":[{"href":"https:\/\/progepe.ufpr.br\/portarias\/wp-json\/wp\/v2\/media?parent=32643"}],"wp:term":[{"taxonomy":"category","embeddable":true,"href":"https:\/\/progepe.ufpr.br\/portarias\/wp-json\/wp\/v2\/categories?post=32643"},{"taxonomy":"post_tag","embeddable":true,"href":"https:\/\/progepe.ufpr.br\/portarias\/wp-json\/wp\/v2\/tags?post=32643"}],"curies":[{"name":"wp","href":"https:\/\/api.w.org\/{rel}","templated":true}]}}