{"id":32652,"date":"2020-02-19T05:12:00","date_gmt":"2020-02-19T08:12:00","guid":{"rendered":"http:\/\/progepe.ufpr.br\/portal\/?post_type=portarias&#038;p=32652"},"modified":"2023-08-03T13:18:29","modified_gmt":"2023-08-03T16:18:29","slug":"rt-2020-00509","status":"publish","type":"post","link":"https:\/\/progepe.ufpr.br\/portarias\/rt-2020-00509\/","title":{"rendered":"PORTARIA N\u00ba 00509\/REITORIA, DE 19 DE FEVEREIRO DE 2020"},"content":{"rendered":"\n<p><strong>A Vice-Reitora da Universidade Federal do Paran\u00e1, no exerc\u00edcio do cargo de Reitora,\u00a0<\/strong>no  uso de suas atribui\u00e7\u00f5es considerando o que consta no artigo 9\u00ba, inciso  II da Lei n\u00ba 8.112\/90 e tendo em vista o que consta no processo n\u00ba  23075.008412\/2020-71, <\/p>\n\n\n\n<p>RESOLVE:<\/p>\n\n\n\n<p>I. Alterar a Portaria n\u00ba 586\/REITORIA, de \n26 de julho de 2019, publicada no Di\u00e1rio Oficial da Uni\u00e3o de&nbsp;30 de julho\n de 2019, se\u00e7\u00e3o 2, p\u00e1g. 31, referente \u00e0 nomea\u00e7\u00e3o do servidor LEONARDO \nDALL ALBA&nbsp;&#8211; 2252005, na fun\u00e7\u00e3o de Assessor, FG-03, do Campus Jandaia do \nSul,&nbsp;para fazer constar que, a partir da data de publica\u00e7\u00e3o em DOU desta\n Portaria, a referida fun\u00e7\u00e3o&nbsp; gratificada passa a denominar-se \nAuxiliar da Unidade de Apoio Administrativo, FG-03, do Campus Avan\u00e7ado \nde Jandaia do Sul.<\/p>\n\n\n\n<p>II. Assim que for exonerado da citada  fun\u00e7\u00e3o, a lota\u00e7\u00e3o de exerc\u00edcio do servidor volta a ser a Se\u00e7\u00e3o do  Controle e Execu\u00e7\u00e3o Or\u00e7ament\u00e1ria do Campus Jandaia do Sul.<\/p>\n\n\n\n<p style=\"text-align:right\"><strong>GRACIELA INES BOLZON DE MUNIZ<\/strong><\/p>\n\n\n\n<hr class=\"wp-block-separator\" \/>\n","protected":false},"excerpt":{"rendered":"<p>I. Alterar a Portaria n\u00ba 586\/REITORIA, de 26 de julho de 2019, publicada no Di\u00e1rio Oficial da Uni\u00e3o de&nbsp;30 de julho de 2019, se\u00e7\u00e3o 2, p\u00e1g. 31, referente \u00e0 nomea\u00e7\u00e3o do servidor LEONARDO DALL ALBA&nbsp;&#8211; 2252005, na fun\u00e7\u00e3o de Assessor, FG-03, do Campus Jandaia do Sul,&nbsp;para fazer constar que, a partir da data de publica\u00e7\u00e3o em DOU desta Portaria, a referida fun\u00e7\u00e3o&nbsp; gratificada passa a denominar-se Auxiliar da Unidade de Apoio Administrativo, FG-03, do Campus Avan\u00e7ado de Jandaia do Sul.  II. Assim que for exonerado da citada fun\u00e7\u00e3o, a lota\u00e7\u00e3o de exerc\u00edcio do servidor volta a ser<\/p>\n","protected":false},"author":48,"featured_media":0,"comment_status":"closed","ping_status":"closed","sticky":false,"template":"","format":"standard","meta":{"_acf_changed":false,"iawp_total_views":1,"footnotes":""},"categories":[117],"tags":[120],"class_list":["post-32652","post","type-post","status-publish","format-standard","hentry","category-rt","tag-funcao"],"acf":[],"_links":{"self":[{"href":"https:\/\/progepe.ufpr.br\/portarias\/wp-json\/wp\/v2\/posts\/32652","targetHints":{"allow":["GET"]}}],"collection":[{"href":"https:\/\/progepe.ufpr.br\/portarias\/wp-json\/wp\/v2\/posts"}],"about":[{"href":"https:\/\/progepe.ufpr.br\/portarias\/wp-json\/wp\/v2\/types\/post"}],"author":[{"embeddable":true,"href":"https:\/\/progepe.ufpr.br\/portarias\/wp-json\/wp\/v2\/users\/48"}],"replies":[{"embeddable":true,"href":"https:\/\/progepe.ufpr.br\/portarias\/wp-json\/wp\/v2\/comments?post=32652"}],"version-history":[{"count":1,"href":"https:\/\/progepe.ufpr.br\/portarias\/wp-json\/wp\/v2\/posts\/32652\/revisions"}],"predecessor-version":[{"id":192952,"href":"https:\/\/progepe.ufpr.br\/portarias\/wp-json\/wp\/v2\/posts\/32652\/revisions\/192952"}],"wp:attachment":[{"href":"https:\/\/progepe.ufpr.br\/portarias\/wp-json\/wp\/v2\/media?parent=32652"}],"wp:term":[{"taxonomy":"category","embeddable":true,"href":"https:\/\/progepe.ufpr.br\/portarias\/wp-json\/wp\/v2\/categories?post=32652"},{"taxonomy":"post_tag","embeddable":true,"href":"https:\/\/progepe.ufpr.br\/portarias\/wp-json\/wp\/v2\/tags?post=32652"}],"curies":[{"name":"wp","href":"https:\/\/api.w.org\/{rel}","templated":true}]}}