{"id":32712,"date":"2020-02-18T10:27:00","date_gmt":"2020-02-18T13:27:00","guid":{"rendered":"http:\/\/progepe.ufpr.br\/portal\/?post_type=portarias&#038;p=32712"},"modified":"2023-08-03T12:53:43","modified_gmt":"2023-08-03T15:53:43","slug":"progepe-2020-00610","status":"publish","type":"post","link":"https:\/\/progepe.ufpr.br\/portarias\/progepe-2020-00610\/","title":{"rendered":"PORTARIA N\u00ba 00610\/PROGEPE, DE 18 DE FEVEREIRO DE 2020"},"content":{"rendered":"\n<p><strong>O Pr\u00f3-Reitor de Gest\u00e3o de Pessoas da Universidade Federal do Paran\u00e1,<\/strong>  no uso de suas atribui\u00e7\u00f5es, tendo em vista a compet\u00eancia que lhe \u00e9  conferida pela Portaria n\u00ba 2.590, de 26 de setembro de 1997; o que  consta no Art. 100 e 103 da Lei n\u00ba 8.112\/90 e ainda o contido no  processo n\u00ba 23075.088338\/2019-25, <\/p>\n\n\n\n<p>RESOLVE:<\/p>\n\n\n\n<p>Averbar, a partir de 12 de dezembro de \n2019, em favor da servidora ELZA DOS SANTOS SILVA &#8211; 1510769, ocupante do\n cargo de Auxiliar de Enfermagem, lotada no Servi\u00e7o Enfermagem \nAmbulat\u00f3rios Tocoginecologia do Hospital de Cl\u00ednicas, o tempo de servi\u00e7o\n abaixo listado, para fins de:<\/p>\n\n\n\n<p>Aposentadoria e disponibilidade:<\/p>\n\n\n\n<figure class=\"wp-block-table\"><table><tbody><tr><td>\n\t\t\tEMPRESA\n\t\t\t<\/td><td>\n\t\t\tPER\u00cdODO\n\t\t\t<\/td><td>\n\t\t\tTOTAL DE DIAS\n\t\t\t<\/td><\/tr><tr><td>\n\t\t\tANA MARIA PEDROSO NUNES\n\t\t\t<\/td><td>\n\t\t\t14\/02\/1989 a 30\/11\/1989\n\t\t\t<\/td><td>\n\t\t\t290\n\t\t\t<\/td><\/tr><tr><td>\n\t\t\tILANIT COMERCIO DE MIUDEZAS ROUPAS E ARMARINHOS LTDA\n\t\t\t<\/td><td>\n\t\t\t01\/03\/1990 a 10\/06\/1992\n\t\t\t<\/td><td>\n\t\t\t833\n\t\t\t<\/td><\/tr><tr><td>\n\t\t\tC.R. NUDELMAN LTDA\n\t\t\t<\/td><td>\n\t\t\t01\/03\/1993 a 31\/12\/1994\n\t\t\t<\/td><td>\n\t\t\t671\n\t\t\t<\/td><\/tr><tr><td>\n\t\t\tC.R. NUDELMAN LTDA\n\t\t\t<\/td><td>\n\t\t\t01\/01\/1995 a 13\/01\/1998\n\t\t\t<\/td><td>\n\t\t\t1109\n\t\t\t<\/td><\/tr><tr><td>\n\t\t\tKABEL INDUSTRIA E COMERCIO DE CHICOTES ELETRICOS LTDA\n\t\t\t<\/td><td>\n\t\t\t10\/05\/1999 a 04\/01\/2000\n\t\t\t<\/td><td>\n\t\t\t240\n\t\t\t<\/td><\/tr><tr><td>\n\t\t\tMEDCLIN CLINICA DA MULHER E DA CRIANCA LTDA\n\t\t\t<\/td><td>\n\t\t\t11\/01\/2004 a 31\/07\/2004\n\t\t\t<\/td><td>\n\t\t\t203<\/td><\/tr><\/tbody><\/table><\/figure>\n\n\n\n<p class=\"has-text-align-right\"><\/p>\n","protected":false},"excerpt":{"rendered":"<p>Averbar, a partir de 12 de dezembro de 2019, em favor da servidora ELZA DOS SANTOS SILVA &#8211; 1510769, ocupante do cargo de Auxiliar de Enfermagem, lotada no Servi\u00e7o Enfermagem Ambulat\u00f3rios Tocoginecologia do Hospital de Cl\u00ednicas, o tempo de servi\u00e7o abaixo listado, para fins de:  Aposentadoria e disponibilidade:  <!-- wp:table \n\n<figure class=\"wp-block-table\">\n\n<table>\n\n<tbody>\n\n<tr>\n\n<td>  EMPRESA  <\/td>\n\n\n\n<td>  PER\u00cdODO  <\/td>\n\n\n\n<td>  TOTAL DE DIAS  <\/td>\n\n<\/tr>\n\n\n\n<tr>\n\n<td>  ANA MARIA PEDROSO NUNES  <\/td>\n\n\n\n<td>  14\/02\/1989 a 30\/11\/1989  <\/td>\n\n\n\n<td>  290  <\/td>\n\n<\/tr>\n\n\n\n<tr>\n\n<td>  ILANIT COMERCIO DE MIUDEZAS ROUPAS E ARMARINHOS LTDA  <\/td>\n\n\n\n<td>  01\/03\/1990\n<\/p>\n","protected":false},"author":48,"featured_media":0,"comment_status":"closed","ping_status":"open","sticky":false,"template":"","format":"standard","meta":{"_acf_changed":false,"iawp_total_views":0,"footnotes":""},"categories":[116],"tags":[140],"class_list":["post-32712","post","type-post","status-publish","format-standard","hentry","category-progepe","tag-averbacao-desaverbacao"],"acf":[],"_links":{"self":[{"href":"https:\/\/progepe.ufpr.br\/portarias\/wp-json\/wp\/v2\/posts\/32712","targetHints":{"allow":["GET"]}}],"collection":[{"href":"https:\/\/progepe.ufpr.br\/portarias\/wp-json\/wp\/v2\/posts"}],"about":[{"href":"https:\/\/progepe.ufpr.br\/portarias\/wp-json\/wp\/v2\/types\/post"}],"author":[{"embeddable":true,"href":"https:\/\/progepe.ufpr.br\/portarias\/wp-json\/wp\/v2\/users\/48"}],"replies":[{"embeddable":true,"href":"https:\/\/progepe.ufpr.br\/portarias\/wp-json\/wp\/v2\/comments?post=32712"}],"version-history":[{"count":3,"href":"https:\/\/progepe.ufpr.br\/portarias\/wp-json\/wp\/v2\/posts\/32712\/revisions"}],"predecessor-version":[{"id":124883,"href":"https:\/\/progepe.ufpr.br\/portarias\/wp-json\/wp\/v2\/posts\/32712\/revisions\/124883"}],"wp:attachment":[{"href":"https:\/\/progepe.ufpr.br\/portarias\/wp-json\/wp\/v2\/media?parent=32712"}],"wp:term":[{"taxonomy":"category","embeddable":true,"href":"https:\/\/progepe.ufpr.br\/portarias\/wp-json\/wp\/v2\/categories?post=32712"},{"taxonomy":"post_tag","embeddable":true,"href":"https:\/\/progepe.ufpr.br\/portarias\/wp-json\/wp\/v2\/tags?post=32712"}],"curies":[{"name":"wp","href":"https:\/\/api.w.org\/{rel}","templated":true}]}}