{"id":32724,"date":"2020-02-18T10:26:00","date_gmt":"2020-02-18T13:26:00","guid":{"rendered":"http:\/\/progepe.ufpr.br\/portal\/?post_type=portarias&#038;p=32724"},"modified":"2023-08-03T12:53:43","modified_gmt":"2023-08-03T15:53:43","slug":"progepe-2020-00609","status":"publish","type":"post","link":"https:\/\/progepe.ufpr.br\/portarias\/progepe-2020-00609\/","title":{"rendered":"PORTARIA N\u00ba 00609\/PROGEPE, DE 18 DE FEVEREIRO DE 2020"},"content":{"rendered":"\n<p><strong>O Pr\u00f3-Reitor de Gest\u00e3o de Pessoas da Universidade Federal do Paran\u00e1,<\/strong>  no uso de suas atribui\u00e7\u00f5es, tendo em vista a compet\u00eancia que lhe \u00e9  conferida pela Portaria n\u00ba 2.590, de 26 de setembro de 1997 e o contido  no processo n\u00ba 23075.008180\/2020-51; <\/p>\n\n\n\n<p>RESOLVE:<\/p>\n\n\n\n<p> Autorizar, a partir de 12 de fevereiro de 2020, a movimenta\u00e7\u00e3o da  servidora JULIANE DE MORAES CAVAZOTTI &#8211; 1751472, ocupante do cargo de  Auxiliar de Biblioteca, para a Biblioteca de Ci\u00eancias da Sa\u00fade &#8211; Sede  Bot\u00e2nico do Sistema de Bibliotecas. <\/p>\n\n\n\n<p style=\"text-align:right\"><strong>DOUGLAS ORTIZ HAMERMULLER<\/strong><\/p>\n","protected":false},"excerpt":{"rendered":"<p>Autorizar, a partir de 12 de fevereiro de 2020, a movimenta\u00e7\u00e3o da servidora JULIANE DE MORAES CAVAZOTTI &#8211; 1751472, ocupante do cargo de Auxiliar de Biblioteca, para a Biblioteca de Ci\u00eancias da Sa\u00fade &#8211; Sede Bot\u00e2nico do Sistema de Bibliotecas.  <!-- wp:paragraph {\"align\":\"right\"} \n\n<p style=\"text-align:right\"><strong>DOUGLAS ORTIZ HAMERMULLER<\/strong>\n<\/p>\n","protected":false},"author":48,"featured_media":0,"comment_status":"closed","ping_status":"closed","sticky":false,"template":"","format":"standard","meta":{"_acf_changed":false,"iawp_total_views":0,"footnotes":""},"categories":[116],"tags":[135],"class_list":["post-32724","post","type-post","status-publish","format-standard","hentry","category-progepe","tag-remocao"],"acf":[],"_links":{"self":[{"href":"https:\/\/progepe.ufpr.br\/portarias\/wp-json\/wp\/v2\/posts\/32724","targetHints":{"allow":["GET"]}}],"collection":[{"href":"https:\/\/progepe.ufpr.br\/portarias\/wp-json\/wp\/v2\/posts"}],"about":[{"href":"https:\/\/progepe.ufpr.br\/portarias\/wp-json\/wp\/v2\/types\/post"}],"author":[{"embeddable":true,"href":"https:\/\/progepe.ufpr.br\/portarias\/wp-json\/wp\/v2\/users\/48"}],"replies":[{"embeddable":true,"href":"https:\/\/progepe.ufpr.br\/portarias\/wp-json\/wp\/v2\/comments?post=32724"}],"version-history":[{"count":1,"href":"https:\/\/progepe.ufpr.br\/portarias\/wp-json\/wp\/v2\/posts\/32724\/revisions"}],"predecessor-version":[{"id":192958,"href":"https:\/\/progepe.ufpr.br\/portarias\/wp-json\/wp\/v2\/posts\/32724\/revisions\/192958"}],"wp:attachment":[{"href":"https:\/\/progepe.ufpr.br\/portarias\/wp-json\/wp\/v2\/media?parent=32724"}],"wp:term":[{"taxonomy":"category","embeddable":true,"href":"https:\/\/progepe.ufpr.br\/portarias\/wp-json\/wp\/v2\/categories?post=32724"},{"taxonomy":"post_tag","embeddable":true,"href":"https:\/\/progepe.ufpr.br\/portarias\/wp-json\/wp\/v2\/tags?post=32724"}],"curies":[{"name":"wp","href":"https:\/\/api.w.org\/{rel}","templated":true}]}}