{"id":32841,"date":"2020-02-17T10:01:00","date_gmt":"2020-02-17T13:01:00","guid":{"rendered":"http:\/\/progepe.ufpr.br\/portal\/?post_type=portarias&#038;p=32841"},"modified":"2023-08-03T12:53:38","modified_gmt":"2023-08-03T15:53:38","slug":"progepe-2020-00572","status":"publish","type":"post","link":"https:\/\/progepe.ufpr.br\/portarias\/progepe-2020-00572\/","title":{"rendered":"PORTARIA N\u00ba 00572\/PROGEPE, DE 17 DE FEVEREIRO DE 2020"},"content":{"rendered":"\n<p><strong>O Pr\u00f3-Reitor de Gest\u00e3o de Pessoas da Universidade Federal do Paran\u00e1,<\/strong>  no uso de suas atribui\u00e7\u00f5es, tendo em vista a compet\u00eancia que lhe \u00e9  conferida pela Portaria n\u00ba 2.590, de 26 de setembro de 1997 e  considerando o contido nos artigos 18, 19 e 20 da Resolu\u00e7\u00e3o n\u00ba  002\/2000-COPLAD e ainda o contido no processo n\u00ba 23075.008365\/2020-66, <\/p>\n\n\n\n<p>RESOLVE:<\/p>\n\n\n\n<p>Designar para compor a comiss\u00e3o respons\u00e1vel\n pela terceira etapa da avalia\u00e7\u00e3o de desempenho em est\u00e1gio probat\u00f3rio da\n servidora CAMILLE BROPP CARDOSO \u2013 2417558, ocupante do cargo de \nJornalista, lotada na Assessoria de Comunica\u00e7\u00e3o Social do Gabinete do \nReitor, os seguintes membros:<\/p>\n\n\n\n<ul class=\"wp-block-list\"><li>\n\tCARLOS ALBERTO MARTINS DA ROCHA &#8211; 2213428\n\t<\/li><li>\n\tJESSICA VITORIA TOKARSKI MAZETO &#8211; 2340925\n\t<\/li><li>\n\tANDRE LUIZ TEIXEIRA KAFKA &#8211; 750835\n\t<\/li><\/ul>\n\n\n\n<p style=\"text-align:right\"><strong>DOUGLAS ORTIZ HAMERMULLER<\/strong><\/p>\n","protected":false},"excerpt":{"rendered":"<p>Designar para compor a comiss\u00e3o respons\u00e1vel pela terceira etapa da avalia\u00e7\u00e3o de desempenho em est\u00e1gio probat\u00f3rio da servidora CAMILLE BROPP CARDOSO \u2013 2417558, ocupante do cargo de Jornalista, lotada na Assessoria de Comunica\u00e7\u00e3o Social do Gabinete do Reitor, os seguintes membros:  <!-- wp:list \n\n<ul>\n\n<li> CARLOS ALBERTO MARTINS DA ROCHA - 2213428 <\/li>\n\n\n\n<li> JESSICA VITORIA TOKARSKI MAZETO - 2340925 <\/li>\n\n\n\n<li> ANDRE LUIZ TEIXEIRA KAFKA - 750835 <\/li>\n\n<\/ul>\n\n <!-- \/wp:list  <!-- wp:paragraph {\"align\":\"right\"} \n\n<p style=\"text-align:right\"><strong>DOUGLAS ORTIZ HAMERMULLER<\/strong>\n<\/p>\n","protected":false},"author":48,"featured_media":0,"comment_status":"closed","ping_status":"closed","sticky":false,"template":"","format":"standard","meta":{"_acf_changed":false,"iawp_total_views":0,"footnotes":""},"categories":[116],"tags":[124],"class_list":["post-32841","post","type-post","status-publish","format-standard","hentry","category-progepe","tag-comissao"],"acf":[],"_links":{"self":[{"href":"https:\/\/progepe.ufpr.br\/portarias\/wp-json\/wp\/v2\/posts\/32841","targetHints":{"allow":["GET"]}}],"collection":[{"href":"https:\/\/progepe.ufpr.br\/portarias\/wp-json\/wp\/v2\/posts"}],"about":[{"href":"https:\/\/progepe.ufpr.br\/portarias\/wp-json\/wp\/v2\/types\/post"}],"author":[{"embeddable":true,"href":"https:\/\/progepe.ufpr.br\/portarias\/wp-json\/wp\/v2\/users\/48"}],"replies":[{"embeddable":true,"href":"https:\/\/progepe.ufpr.br\/portarias\/wp-json\/wp\/v2\/comments?post=32841"}],"version-history":[{"count":1,"href":"https:\/\/progepe.ufpr.br\/portarias\/wp-json\/wp\/v2\/posts\/32841\/revisions"}],"predecessor-version":[{"id":192971,"href":"https:\/\/progepe.ufpr.br\/portarias\/wp-json\/wp\/v2\/posts\/32841\/revisions\/192971"}],"wp:attachment":[{"href":"https:\/\/progepe.ufpr.br\/portarias\/wp-json\/wp\/v2\/media?parent=32841"}],"wp:term":[{"taxonomy":"category","embeddable":true,"href":"https:\/\/progepe.ufpr.br\/portarias\/wp-json\/wp\/v2\/categories?post=32841"},{"taxonomy":"post_tag","embeddable":true,"href":"https:\/\/progepe.ufpr.br\/portarias\/wp-json\/wp\/v2\/tags?post=32841"}],"curies":[{"name":"wp","href":"https:\/\/api.w.org\/{rel}","templated":true}]}}