{"id":32877,"date":"2020-02-17T10:03:00","date_gmt":"2020-02-17T13:03:00","guid":{"rendered":"http:\/\/progepe.ufpr.br\/portal\/?post_type=portarias&#038;p=32877"},"modified":"2023-08-03T12:53:38","modified_gmt":"2023-08-03T15:53:38","slug":"progepe-2020-00574","status":"publish","type":"post","link":"https:\/\/progepe.ufpr.br\/portarias\/progepe-2020-00574\/","title":{"rendered":"PORTARIA N\u00ba 00574\/PROGEPE, DE 17 DE FEVEREIRO DE 2020"},"content":{"rendered":"\n<p><strong>O Pr\u00f3-Reitor de Gest\u00e3o de Pessoas da Universidade Federal do Paran\u00e1,<\/strong>  no uso de suas atribui\u00e7\u00f5es, tendo em vista a compet\u00eancia que lhe \u00e9  conferida pela Portaria n\u00ba 2.590, de 26 de setembro de 1997 e  considerando o contido nos artigos 18, 19 e 20 da Resolu\u00e7\u00e3o n\u00ba  002\/2000-COPLAD e ainda o contido no processo n\u00ba 23075.008912\/2020-11, <\/p>\n\n\n\n<p>RESOLVE:<\/p>\n\n\n\n<p>Designar para compor a comiss\u00e3o respons\u00e1vel\n pela terceira etapa da avalia\u00e7\u00e3o de desempenho em est\u00e1gio probat\u00f3rio da\n servidora MARINA BAGATIN DE SOUZA MOREIRA DO PRADO \u2013 2412972, ocupante \ndo cargo de Administrador, lotada na Unidade de Benef\u00edcios do DAP da \nPr\u00f3-Reitoria de Gest\u00e3o de Pessoas, os seguintes membros:<\/p>\n\n\n\n<ul class=\"wp-block-list\"><li>\n\tJOAO ARY LINHARES CIRINO DOS SANTOS &#8211; 342121\n\t<\/li><li>\n\tPAULO FERNANDO CHMIK &#8211; 1665097\n\t<\/li><li>\n\tCHRISTIANO RIBEIRO DA ROCHA &#8211; 2247230\n\t<\/li><\/ul>\n\n\n\n<p style=\"text-align:right\"><strong>DOUGLAS ORTIZ HAMERMULLER<\/strong><\/p>\n","protected":false},"excerpt":{"rendered":"<p>Designar para compor a comiss\u00e3o respons\u00e1vel pela terceira etapa da avalia\u00e7\u00e3o de desempenho em est\u00e1gio probat\u00f3rio da servidora MARINA BAGATIN DE SOUZA MOREIRA DO PRADO \u2013 2412972, ocupante do cargo de Administrador, lotada na Unidade de Benef\u00edcios do DAP da Pr\u00f3-Reitoria de Gest\u00e3o de Pessoas, os seguintes membros:  <!-- wp:list \n\n<ul>\n\n<li> JOAO ARY LINHARES CIRINO DOS SANTOS - 342121 <\/li>\n\n\n\n<li> PAULO FERNANDO CHMIK - 1665097 <\/li>\n\n\n\n<li> CHRISTIANO RIBEIRO DA ROCHA - 2247230 <\/li>\n\n<\/ul>\n\n <!-- \/wp:list  <!-- wp:paragraph {\"align\":\"right\"} \n\n<p style=\"text-align:right\"><strong>DOUGLAS ORTIZ HAMERMULLER<\/strong>\n<\/p>\n","protected":false},"author":48,"featured_media":0,"comment_status":"closed","ping_status":"closed","sticky":false,"template":"","format":"standard","meta":{"_acf_changed":false,"iawp_total_views":0,"footnotes":""},"categories":[116],"tags":[124],"class_list":["post-32877","post","type-post","status-publish","format-standard","hentry","category-progepe","tag-comissao"],"acf":[],"_links":{"self":[{"href":"https:\/\/progepe.ufpr.br\/portarias\/wp-json\/wp\/v2\/posts\/32877","targetHints":{"allow":["GET"]}}],"collection":[{"href":"https:\/\/progepe.ufpr.br\/portarias\/wp-json\/wp\/v2\/posts"}],"about":[{"href":"https:\/\/progepe.ufpr.br\/portarias\/wp-json\/wp\/v2\/types\/post"}],"author":[{"embeddable":true,"href":"https:\/\/progepe.ufpr.br\/portarias\/wp-json\/wp\/v2\/users\/48"}],"replies":[{"embeddable":true,"href":"https:\/\/progepe.ufpr.br\/portarias\/wp-json\/wp\/v2\/comments?post=32877"}],"version-history":[{"count":1,"href":"https:\/\/progepe.ufpr.br\/portarias\/wp-json\/wp\/v2\/posts\/32877\/revisions"}],"predecessor-version":[{"id":192976,"href":"https:\/\/progepe.ufpr.br\/portarias\/wp-json\/wp\/v2\/posts\/32877\/revisions\/192976"}],"wp:attachment":[{"href":"https:\/\/progepe.ufpr.br\/portarias\/wp-json\/wp\/v2\/media?parent=32877"}],"wp:term":[{"taxonomy":"category","embeddable":true,"href":"https:\/\/progepe.ufpr.br\/portarias\/wp-json\/wp\/v2\/categories?post=32877"},{"taxonomy":"post_tag","embeddable":true,"href":"https:\/\/progepe.ufpr.br\/portarias\/wp-json\/wp\/v2\/tags?post=32877"}],"curies":[{"name":"wp","href":"https:\/\/api.w.org\/{rel}","templated":true}]}}