{"id":32886,"date":"2020-02-17T10:04:00","date_gmt":"2020-02-17T13:04:00","guid":{"rendered":"http:\/\/progepe.ufpr.br\/portal\/?post_type=portarias&#038;p=32886"},"modified":"2023-08-03T12:53:38","modified_gmt":"2023-08-03T15:53:38","slug":"progepe-2020-00575","status":"publish","type":"post","link":"https:\/\/progepe.ufpr.br\/portarias\/progepe-2020-00575\/","title":{"rendered":"PORTARIA N\u00ba 00575\/PROGEPE, DE 17 DE FEVEREIRO DE 2020"},"content":{"rendered":"\n<p><strong>O Pr\u00f3-Reitor de Gest\u00e3o de Pessoas da Universidade Federal do Paran\u00e1,<\/strong>  no uso de suas atribui\u00e7\u00f5es, tendo em vista a compet\u00eancia que lhe \u00e9  conferida pela Portaria n\u00ba 2.590, de 26 de setembro de 1997 e ainda o  contido no processo n\u00ba 23075.084825\/2019-19, <\/p>\n\n\n\n<p>RESOLVE:<\/p>\n\n\n\n<p>Retificar a Portaria n\u00ba 361\/PROGEPE, de 27 \nde janeiro de 2020, que averbou tempo de servi\u00e7o em favor do servidor \nJOSE FRANCISCO GHIGNATTI WARTH &#8211; 343002, ocupante do cargo de Professor \ndo Magist\u00e9rio Superior, lotado no Departamento de Medicina Veterin\u00e1ria \ndo Setor de Ci\u00eancias Agr\u00e1rias :<\/p>\n\n\n\n<p>Onde se l\u00ea:<\/p>\n\n\n\n<table class=\"wp-block-table\"><tbody><tr><td>\n\t\t\tEMPRESA\n\t\t\t<\/td><td>\n\t\t\tPER\u00cdODO\n\t\t\t<\/td><td>\n\t\t\tTOTAL DE DIAS\n\t\t\t<\/td><\/tr><tr><td>\n\t\t\tINSTITUTO DE TECNOLOGIA DO PARANA\n\t\t\t<\/td><td>\n\t\t\t15\/05\/80 a&nbsp;08\/08\/92\n\t\t\t<\/td><td>\n\t\t\t816\n\t\t\t<\/td><\/tr><tr><td>\n\t\t\tSECRETARIA DE ESTADO DA AGRICULTURA DO EST PR\n\t\t\t<\/td><td>\n\t\t\t09\/08\/92 a&nbsp;11\/12\/90\n\t\t\t<\/td><td>\n\t\t\t3047\n\t\t\t<\/td><\/tr><\/tbody><\/table>\n\n\n\n<p>Leia-se:<\/p>\n\n\n\n<table class=\"wp-block-table\"><tbody><tr><td>\n\t\t\tEMPRESA\n\t\t\t<\/td><td>\n\t\t\tPER\u00cdODO\n\t\t\t<\/td><td>\n\t\t\tTOTAL DE DIAS\n\t\t\t<\/td><\/tr><tr><td>\n\t\t\tINSTITUTO DE TECNOLOGIA DO PARANA\n\t\t\t<\/td><td>\n\t\t\t15\/05\/80 a&nbsp;08\/08\/82\n\t\t\t<\/td><td>\n\t\t\t816\n\t\t\t<\/td><\/tr><tr><td>\n\t\t\tSECRETARIA DE ESTADO DA AGRICULTURA DO EST PR\n\t\t\t<\/td><td>\n\t\t\t09\/08\/82 a&nbsp;11\/12\/90\n\t\t\t<\/td><td>\n\t\t\t3047<\/td><\/tr><\/tbody><\/table>\n\n\n\n<p style=\"text-align:right\"><strong>DOUGLAS ORTIZ HAMERMULLER<\/strong><\/p>\n","protected":false},"excerpt":{"rendered":"<p>Retificar a Portaria n\u00ba 361\/PROGEPE, de 27 de janeiro de 2020, que averbou tempo de servi\u00e7o em favor do servidor JOSE FRANCISCO GHIGNATTI WARTH &#8211; 343002, ocupante do cargo de Professor do Magist\u00e9rio Superior, lotado no Departamento de Medicina Veterin\u00e1ria do Setor de Ci\u00eancias Agr\u00e1rias :  Onde se l\u00ea:  <!-- wp:table \n\n<table class=\"wp-block-table\">\n\n<tbody>\n\n<tr>\n\n<td>  EMPRESA  <\/td>\n\n\n\n<td>  PER\u00cdODO  <\/td>\n\n\n\n<td>  TOTAL DE DIAS  <\/td>\n\n<\/tr>\n\n\n\n<tr>\n\n<td>  INSTITUTO DE TECNOLOGIA DO PARANA  <\/td>\n\n\n\n<td>  15\/05\/80 a&nbsp;08\/08\/92  <\/td>\n\n\n\n<td>  816  <\/td>\n\n<\/tr>\n\n\n\n<tr>\n\n<td>  SECRETARIA DE ESTADO DA AGRICULTURA DO EST PR  <\/td>\n\n\n\n<td>\n<\/p>\n","protected":false},"author":48,"featured_media":0,"comment_status":"closed","ping_status":"closed","sticky":false,"template":"","format":"standard","meta":{"_acf_changed":false,"iawp_total_views":0,"footnotes":""},"categories":[116],"tags":[140],"class_list":["post-32886","post","type-post","status-publish","format-standard","hentry","category-progepe","tag-averbacao-desaverbacao"],"acf":[],"_links":{"self":[{"href":"https:\/\/progepe.ufpr.br\/portarias\/wp-json\/wp\/v2\/posts\/32886","targetHints":{"allow":["GET"]}}],"collection":[{"href":"https:\/\/progepe.ufpr.br\/portarias\/wp-json\/wp\/v2\/posts"}],"about":[{"href":"https:\/\/progepe.ufpr.br\/portarias\/wp-json\/wp\/v2\/types\/post"}],"author":[{"embeddable":true,"href":"https:\/\/progepe.ufpr.br\/portarias\/wp-json\/wp\/v2\/users\/48"}],"replies":[{"embeddable":true,"href":"https:\/\/progepe.ufpr.br\/portarias\/wp-json\/wp\/v2\/comments?post=32886"}],"version-history":[{"count":1,"href":"https:\/\/progepe.ufpr.br\/portarias\/wp-json\/wp\/v2\/posts\/32886\/revisions"}],"predecessor-version":[{"id":192977,"href":"https:\/\/progepe.ufpr.br\/portarias\/wp-json\/wp\/v2\/posts\/32886\/revisions\/192977"}],"wp:attachment":[{"href":"https:\/\/progepe.ufpr.br\/portarias\/wp-json\/wp\/v2\/media?parent=32886"}],"wp:term":[{"taxonomy":"category","embeddable":true,"href":"https:\/\/progepe.ufpr.br\/portarias\/wp-json\/wp\/v2\/categories?post=32886"},{"taxonomy":"post_tag","embeddable":true,"href":"https:\/\/progepe.ufpr.br\/portarias\/wp-json\/wp\/v2\/tags?post=32886"}],"curies":[{"name":"wp","href":"https:\/\/api.w.org\/{rel}","templated":true}]}}