{"id":33018,"date":"2020-02-18T05:01:00","date_gmt":"2020-02-18T08:01:00","guid":{"rendered":"http:\/\/progepe.ufpr.br\/portal\/?post_type=portarias&#038;p=33018"},"modified":"2023-08-03T13:18:25","modified_gmt":"2023-08-03T16:18:25","slug":"rt-2020-00481","status":"publish","type":"post","link":"https:\/\/progepe.ufpr.br\/portarias\/rt-2020-00481\/","title":{"rendered":"PORTARIA N\u00ba 00481\/REITORIA, DE 18 DE FEVEREIRO DE 2020"},"content":{"rendered":"\n<p><strong>A Vice-Reitora da Universidade Federal do Paran\u00e1, no exerc\u00edcio do cargo de Reitora,\u00a0<\/strong>no  uso de suas atribui\u00e7\u00f5es considerando o que consta no artigo 9\u00ba, inciso  II da Lei n\u00ba 8.112\/90 e tendo em vista o que consta no processo n\u00ba  23075.008316\/2020-23, <\/p>\n\n\n\n<p>RESOLVE:<\/p>\n\n\n\n<p> Alterar a Portaria n\u00ba 15412\/PROGEPE, de 02 de fevereiro de 2016,  publicada no Di\u00e1rio Oficial da Uni\u00e3o de\u00a004 de fevereiro de 2016, se\u00e7\u00e3o  2, p\u00e1g. 36, referente \u00e0 nomea\u00e7\u00e3o do servidor ANDR\u00c9 BILIBIO\u00a0&#8211; 1755125, na  fun\u00e7\u00e3o de Chefe da Se\u00e7\u00e3o de Controle e Execu\u00e7\u00e3o Or\u00e7ament\u00e1ria, FG-01, do  Setor Palotina,\u00a0para fazer constar que, a partir da data de publica\u00e7\u00e3o  em DOU desta Portaria, a referida fun\u00e7\u00e3o\u00a0 gratificada passa a denominar-se Chefe da Unidade de \u00a0Controle e Execu\u00e7\u00e3o Or\u00e7ament\u00e1ria, FG-01, do Setor Palotina. <\/p>\n\n\n\n<p style=\"text-align:right\"><strong>GRACIELA INES BOLZON DE MUNIZ<\/strong><\/p>\n","protected":false},"excerpt":{"rendered":"<p>Alterar a Portaria n\u00ba 15412\/PROGEPE, de 02 de fevereiro de 2016, publicada no Di\u00e1rio Oficial da Uni\u00e3o de\u00a004 de fevereiro de 2016, se\u00e7\u00e3o 2, p\u00e1g. 36, referente \u00e0 nomea\u00e7\u00e3o do servidor ANDR\u00c9 BILIBIO\u00a0&#8211; 1755125, na fun\u00e7\u00e3o de Chefe da Se\u00e7\u00e3o de Controle e Execu\u00e7\u00e3o Or\u00e7ament\u00e1ria, FG-01, do Setor Palotina,\u00a0para fazer constar que, a partir da data de publica\u00e7\u00e3o em DOU desta Portaria, a referida fun\u00e7\u00e3o\u00a0 gratificada passa a denominar-se Chefe da Unidade de \u00a0Controle e Execu\u00e7\u00e3o Or\u00e7ament\u00e1ria, FG-01, do Setor Palotina.  <!-- wp:paragraph {\"align\":\"right\"} \n\n<p style=\"text-align:right\"><strong>GRACIELA INES BOLZON DE MUNIZ<\/strong>\n<\/p>\n","protected":false},"author":48,"featured_media":0,"comment_status":"closed","ping_status":"closed","sticky":false,"template":"","format":"standard","meta":{"_acf_changed":false,"iawp_total_views":0,"footnotes":""},"categories":[117],"tags":[120],"class_list":["post-33018","post","type-post","status-publish","format-standard","hentry","category-rt","tag-funcao"],"acf":[],"_links":{"self":[{"href":"https:\/\/progepe.ufpr.br\/portarias\/wp-json\/wp\/v2\/posts\/33018","targetHints":{"allow":["GET"]}}],"collection":[{"href":"https:\/\/progepe.ufpr.br\/portarias\/wp-json\/wp\/v2\/posts"}],"about":[{"href":"https:\/\/progepe.ufpr.br\/portarias\/wp-json\/wp\/v2\/types\/post"}],"author":[{"embeddable":true,"href":"https:\/\/progepe.ufpr.br\/portarias\/wp-json\/wp\/v2\/users\/48"}],"replies":[{"embeddable":true,"href":"https:\/\/progepe.ufpr.br\/portarias\/wp-json\/wp\/v2\/comments?post=33018"}],"version-history":[{"count":1,"href":"https:\/\/progepe.ufpr.br\/portarias\/wp-json\/wp\/v2\/posts\/33018\/revisions"}],"predecessor-version":[{"id":192990,"href":"https:\/\/progepe.ufpr.br\/portarias\/wp-json\/wp\/v2\/posts\/33018\/revisions\/192990"}],"wp:attachment":[{"href":"https:\/\/progepe.ufpr.br\/portarias\/wp-json\/wp\/v2\/media?parent=33018"}],"wp:term":[{"taxonomy":"category","embeddable":true,"href":"https:\/\/progepe.ufpr.br\/portarias\/wp-json\/wp\/v2\/categories?post=33018"},{"taxonomy":"post_tag","embeddable":true,"href":"https:\/\/progepe.ufpr.br\/portarias\/wp-json\/wp\/v2\/tags?post=33018"}],"curies":[{"name":"wp","href":"https:\/\/api.w.org\/{rel}","templated":true}]}}