{"id":33036,"date":"2020-02-18T05:03:00","date_gmt":"2020-02-18T08:03:00","guid":{"rendered":"http:\/\/progepe.ufpr.br\/portal\/?post_type=portarias&#038;p=33036"},"modified":"2023-08-03T13:18:25","modified_gmt":"2023-08-03T16:18:25","slug":"rt-2020-00483","status":"publish","type":"post","link":"https:\/\/progepe.ufpr.br\/portarias\/rt-2020-00483\/","title":{"rendered":"PORTARIA N\u00ba 00483\/REITORIA, DE 18 DE FEVEREIRO DE 2020"},"content":{"rendered":"\n<p><strong>A Vice-Reitora da Universidade Federal do Paran\u00e1, no exerc\u00edcio do cargo de Reitora,\u00a0<\/strong>no  uso de suas atribui\u00e7\u00f5es considerando o que consta no artigo 9\u00ba, inciso  II da Lei n\u00ba 8.112\/90 e tendo em vista o que consta no processo n\u00ba  23075.008316\/2020-23, <\/p>\n\n\n\n<p>RESOLVE:<\/p>\n\n\n\n<p>I. Alterar a Portaria n\u00ba 2025\/PROGEPE, de \n25 de abril de 2018, publicada no Di\u00e1rio Oficial da Uni\u00e3o de&nbsp;02 de maio \nde 2018, se\u00e7\u00e3o 2, p\u00e1g. 24, referente \u00e0 nomea\u00e7\u00e3o da servidora SABRINA \nBRUNE&nbsp;&#8211; 1755134, na fun\u00e7\u00e3o de Chefe da Secretaria da Dire\u00e7\u00e3o, FG-03, do \nSetor Palotina,&nbsp;para fazer constar que, a partir da data de publica\u00e7\u00e3o \nem DOU desta Portaria, a referida fun\u00e7\u00e3o&nbsp; gratificada passa a \ndenominar-se Chefe da Se\u00e7\u00e3o de Expediente e Tecnologia da Informa\u00e7\u00e3o, \nFG-03, do Setor Palotina.<\/p>\n\n\n\n<p>II. Assim que for exonerada da citada  fun\u00e7\u00e3o, a lota\u00e7\u00e3o de exerc\u00edcio da servidora volta a ser a Secretaria  dos Departamentos do Setor Palotina.<\/p>\n\n\n\n<p style=\"text-align:right\"><strong>GRACIELA INES BOLZON DE MUNIZ<\/strong><\/p>\n","protected":false},"excerpt":{"rendered":"<p>I. Alterar a Portaria n\u00ba 2025\/PROGEPE, de 25 de abril de 2018, publicada no Di\u00e1rio Oficial da Uni\u00e3o de&nbsp;02 de maio de 2018, se\u00e7\u00e3o 2, p\u00e1g. 24, referente \u00e0 nomea\u00e7\u00e3o da servidora SABRINA BRUNE&nbsp;&#8211; 1755134, na fun\u00e7\u00e3o de Chefe da Secretaria da Dire\u00e7\u00e3o, FG-03, do Setor Palotina,&nbsp;para fazer constar que, a partir da data de publica\u00e7\u00e3o em DOU desta Portaria, a referida fun\u00e7\u00e3o&nbsp; gratificada passa a denominar-se Chefe da Se\u00e7\u00e3o de Expediente e Tecnologia da Informa\u00e7\u00e3o, FG-03, do Setor Palotina.  II. Assim que for exonerada da citada fun\u00e7\u00e3o, a lota\u00e7\u00e3o de exerc\u00edcio da servidora volta a ser<\/p>\n","protected":false},"author":48,"featured_media":0,"comment_status":"closed","ping_status":"closed","sticky":false,"template":"","format":"standard","meta":{"_acf_changed":false,"iawp_total_views":1,"footnotes":""},"categories":[117],"tags":[120],"class_list":["post-33036","post","type-post","status-publish","format-standard","hentry","category-rt","tag-funcao"],"acf":[],"_links":{"self":[{"href":"https:\/\/progepe.ufpr.br\/portarias\/wp-json\/wp\/v2\/posts\/33036","targetHints":{"allow":["GET"]}}],"collection":[{"href":"https:\/\/progepe.ufpr.br\/portarias\/wp-json\/wp\/v2\/posts"}],"about":[{"href":"https:\/\/progepe.ufpr.br\/portarias\/wp-json\/wp\/v2\/types\/post"}],"author":[{"embeddable":true,"href":"https:\/\/progepe.ufpr.br\/portarias\/wp-json\/wp\/v2\/users\/48"}],"replies":[{"embeddable":true,"href":"https:\/\/progepe.ufpr.br\/portarias\/wp-json\/wp\/v2\/comments?post=33036"}],"version-history":[{"count":1,"href":"https:\/\/progepe.ufpr.br\/portarias\/wp-json\/wp\/v2\/posts\/33036\/revisions"}],"predecessor-version":[{"id":192992,"href":"https:\/\/progepe.ufpr.br\/portarias\/wp-json\/wp\/v2\/posts\/33036\/revisions\/192992"}],"wp:attachment":[{"href":"https:\/\/progepe.ufpr.br\/portarias\/wp-json\/wp\/v2\/media?parent=33036"}],"wp:term":[{"taxonomy":"category","embeddable":true,"href":"https:\/\/progepe.ufpr.br\/portarias\/wp-json\/wp\/v2\/categories?post=33036"},{"taxonomy":"post_tag","embeddable":true,"href":"https:\/\/progepe.ufpr.br\/portarias\/wp-json\/wp\/v2\/tags?post=33036"}],"curies":[{"name":"wp","href":"https:\/\/api.w.org\/{rel}","templated":true}]}}